{"id":24094,"date":"2026-04-29T11:24:47","date_gmt":"2026-04-29T11:24:47","guid":{"rendered":"https:\/\/www.ok24.tv\/?p=24094"},"modified":"2026-04-29T11:24:47","modified_gmt":"2026-04-29T11:24:47","slug":"chodzi-o-wielkie-pieniadze-a-prezydenccy-radni","status":"publish","type":"post","link":"https:\/\/www.ok24.tv\/index.php\/2026\/04\/29\/chodzi-o-wielkie-pieniadze-a-prezydenccy-radni\/","title":{"rendered":"Chodzi o wielkie pieni\u0105dze, a prezydenccy radni&#8230;"},"content":{"rendered":"<p>Mimo sprzeciwu cz\u0119\u015bci radnych i prezydent miasta, do porz\u0105dku obrad uda\u0142o si\u0119 wprowadzi\u0107 punkt dotycz\u0105cy informacji sp\u00f3\u0142ki Ostrowski Zak\u0142ad Ciep\u0142owniczy SA o inwestycji zwi\u0105zanej z budow\u0105 czterech silnik\u00f3w kogeneracyjnych. To dobra wiadomo\u015b\u0107, bo m\u00f3wimy o przedsi\u0119wzi\u0119ciu o ogromnej skali \u2014 ponad<br \/>\n730 milion\u00f3w z\u0142otych \u2014 a wi\u0119c o sprawie, kt\u00f3rej nie da si\u0119 zby\u0107 stwierdzeniem, \u017ce \u201eto tylko problem sp\u00f3\u0142ki\u201d.<\/p>\n<p>Szczeg\u00f3lnie zastanawia postawa radnych, kt\u00f3rzy g\u0142osowali przeciw wprowadzeniu tego tematu do obrad. Trudno zrozumie\u0107, dlaczego kto\u015b mia\u0142by sprzeciwia\u0107 si\u0119 jawnej dyskusji o tak powa\u017cnej inwestycji, skoro jej skutki mog\u0105 dotkn\u0105\u0107 ca\u0142ej lokalnej spo\u0142eczno\u015bci. Pr\u00f3ba przedstawiania tego jako sprawy wy\u0142\u0105cznie technicznej czy wewn\u0119trznej jest po prostu nieuczciwa wobec mieszka\u0144c\u00f3w.<\/p>\n<p>Radny Leszek Wito\u0144 stwierdzi\u0142, \u017ce nie jest to problem mieszka\u0144c\u00f3w, lecz sp\u00f3\u0142ki, kt\u00f3ra ewentualny kredyt sp\u0142aci z w\u0142asnych \u015brodk\u00f3w. Tyle \u017ce w rzeczywisto\u015bci to mieszka\u0144cy mog\u0105 finalnie odczu\u0107 konsekwencje takich decyzji \u2014 cho\u0107by poprzez ceny ciep\u0142a systemowego. Je\u015bli na horyzoncie pojawia si\u0119 wizja 49 z\u0142 za GJ, to udawanie, \u017ce sprawa nikogo poza zarz\u0105dem sp\u00f3\u0142ki nie dotyczy, brzmi co najmniej naiwnie.<\/p>\n<p>W\u0142a\u015bnie dlatego tak wa\u017cne jest, by o tej inwestycji m\u00f3wi\u0107 otwarcie i bez pr\u00f3b zamiatania niewygodnych pyta\u0144 pod dywan. Mieszka\u0144cy maj\u0105 prawo wiedzie\u0107, co dzieje si\u0119 z ich ciep\u0142em, ich pieni\u0119dzmi i ich przysz\u0142ymi rachunkami.<br \/>\nDodajmy, \u017ce gdy ju\u017c do dyskusji dosz\u0142o zar\u00f3wno przedstawiciele OZC jak i CRK zaproponowali radnym zabaw\u0119 w g\u0142uchy telefon. Na wi\u0119kszo\u015b\u0107 pyta\u0144 mia\u0142 odpowiada\u0107 zarz\u0105d OZC, tyle \u017ce &#8222;z przyczyn losowych&#8221; by\u0142 nieobecny. Wi\u0119kszo\u015b\u0107 pyta\u0144 zawis\u0142a zatem w niebycie.<br \/>\nNa czele z tym, kt\u00f3re zada\u0142a radna Sylwia Nowicka i jest ono naprawd\u0119 wa\u017cne. G\u0142\u00f3wny operator wielkiej inwestycji &#8211; zgodnie z zapisem w rejestrze &#8211; dysponuje kapita\u0142em&#8230; 5000 z\u0142. I ta sp\u00f3\u0142ka ma ponosi\u0107 ca\u0142e ryzyko wielkiej inwestycji.<br \/>\nJako\u015b to nie uspokaja<\/p>\n","protected":false},"excerpt":{"rendered":"<p>Ani Beata Klimek ani jej trabanci nie chc\u0105 rozmawia\u0107.  <\/p>\n","protected":false},"author":1,"featured_media":24054,"comment_status":"closed","ping_status":"open","sticky":false,"template":"","format":"standard","meta":{"_acf_changed":false,"tdm_status":"","tdm_grid_status":"","footnotes":""},"categories":[1],"tags":[],"class_list":{"0":"post-24094","1":"post","2":"type-post","3":"status-publish","4":"format-standard","5":"has-post-thumbnail","7":"category-uncategorized"},"acf":[],"yoast_head":"<!-- This site is optimized with the Yoast SEO plugin v27.5 - https:\/\/yoast.com\/product\/yoast-seo-wordpress\/ -->\n<title>Chodzi o wielkie pieni\u0105dze, a prezydenccy radni... - OK24<\/title>\n<meta name=\"description\" content=\"Wielka inwestycja, wielkie pieni\u0105dze, zn\u00f3w zad\u0142u\u017cenie, a w\u0142adze miasta i ich koalicja unikaj\u0105 rozmowy\" \/>\n<meta name=\"robots\" content=\"index, follow, max-snippet:-1, max-image-preview:large, max-video-preview:-1\" \/>\n<link rel=\"canonical\" href=\"https:\/\/www.ok24.tv\/index.php\/2026\/04\/29\/chodzi-o-wielkie-pieniadze-a-prezydenccy-radni\/\" \/>\n<meta property=\"og:locale\" content=\"pl_PL\" \/>\n<meta property=\"og:type\" content=\"article\" \/>\n<meta property=\"og:title\" content=\"Chodzi o wielkie pieni\u0105dze, a prezydenccy radni... - OK24\" \/>\n<meta property=\"og:description\" content=\"Wielka inwestycja, wielkie pieni\u0105dze, zn\u00f3w zad\u0142u\u017cenie, a w\u0142adze miasta i ich koalicja unikaj\u0105 rozmowy\" \/>\n<meta property=\"og:url\" content=\"https:\/\/www.ok24.tv\/index.php\/2026\/04\/29\/chodzi-o-wielkie-pieniadze-a-prezydenccy-radni\/\" \/>\n<meta property=\"og:site_name\" content=\"OK24\" \/>\n<meta property=\"article:publisher\" content=\"https:\/\/facebook.com\/ok24\" \/>\n<meta property=\"article:published_time\" content=\"2026-04-29T11:24:47+00:00\" \/>\n<meta property=\"og:image\" content=\"https:\/\/www.ok24.tv\/wp-content\/uploads\/2026\/04\/obraz_2026-04-15_143144959.png\" \/>\n\t<meta property=\"og:image:width\" content=\"523\" \/>\n\t<meta property=\"og:image:height\" content=\"929\" \/>\n\t<meta property=\"og:image:type\" content=\"image\/png\" \/>\n<meta name=\"author\" content=\"admin\" \/>\n<meta name=\"twitter:card\" content=\"summary_large_image\" \/>\n<meta name=\"twitter:label1\" content=\"Napisane przez\" \/>\n\t<meta name=\"twitter:data1\" content=\"admin\" \/>\n\t<meta name=\"twitter:label2\" content=\"Szacowany czas czytania\" \/>\n\t<meta name=\"twitter:data2\" content=\"1 minuta\" \/>\n<script type=\"application\/ld+json\" class=\"yoast-schema-graph\">{\"@context\":\"https:\\\/\\\/schema.org\",\"@graph\":[{\"@type\":\"Article\",\"@id\":\"https:\\\/\\\/www.ok24.tv\\\/index.php\\\/2026\\\/04\\\/29\\\/chodzi-o-wielkie-pieniadze-a-prezydenccy-radni\\\/#article\",\"isPartOf\":{\"@id\":\"https:\\\/\\\/www.ok24.tv\\\/index.php\\\/2026\\\/04\\\/29\\\/chodzi-o-wielkie-pieniadze-a-prezydenccy-radni\\\/\"},\"author\":{\"name\":\"admin\",\"@id\":\"https:\\\/\\\/www.ok24.tv\\\/#\\\/schema\\\/person\\\/7ef4d0ebf32e12635d4da716474d2b0d\"},\"headline\":\"Chodzi o wielkie pieni\u0105dze, a prezydenccy radni&#8230;\",\"datePublished\":\"2026-04-29T11:24:47+00:00\",\"mainEntityOfPage\":{\"@id\":\"https:\\\/\\\/www.ok24.tv\\\/index.php\\\/2026\\\/04\\\/29\\\/chodzi-o-wielkie-pieniadze-a-prezydenccy-radni\\\/\"},\"wordCount\":354,\"publisher\":{\"@id\":\"https:\\\/\\\/www.ok24.tv\\\/#organization\"},\"image\":{\"@id\":\"https:\\\/\\\/www.ok24.tv\\\/index.php\\\/2026\\\/04\\\/29\\\/chodzi-o-wielkie-pieniadze-a-prezydenccy-radni\\\/#primaryimage\"},\"thumbnailUrl\":\"https:\\\/\\\/www.ok24.tv\\\/wp-content\\\/uploads\\\/2026\\\/04\\\/obraz_2026-04-15_143144959.png\",\"articleSection\":[\"Uncategorized\"],\"inLanguage\":\"pl-PL\"},{\"@type\":\"WebPage\",\"@id\":\"https:\\\/\\\/www.ok24.tv\\\/index.php\\\/2026\\\/04\\\/29\\\/chodzi-o-wielkie-pieniadze-a-prezydenccy-radni\\\/\",\"url\":\"https:\\\/\\\/www.ok24.tv\\\/index.php\\\/2026\\\/04\\\/29\\\/chodzi-o-wielkie-pieniadze-a-prezydenccy-radni\\\/\",\"name\":\"Chodzi o wielkie pieni\u0105dze, a prezydenccy radni... - OK24\",\"isPartOf\":{\"@id\":\"https:\\\/\\\/www.ok24.tv\\\/#website\"},\"primaryImageOfPage\":{\"@id\":\"https:\\\/\\\/www.ok24.tv\\\/index.php\\\/2026\\\/04\\\/29\\\/chodzi-o-wielkie-pieniadze-a-prezydenccy-radni\\\/#primaryimage\"},\"image\":{\"@id\":\"https:\\\/\\\/www.ok24.tv\\\/index.php\\\/2026\\\/04\\\/29\\\/chodzi-o-wielkie-pieniadze-a-prezydenccy-radni\\\/#primaryimage\"},\"thumbnailUrl\":\"https:\\\/\\\/www.ok24.tv\\\/wp-content\\\/uploads\\\/2026\\\/04\\\/obraz_2026-04-15_143144959.png\",\"datePublished\":\"2026-04-29T11:24:47+00:00\",\"description\":\"Wielka inwestycja, wielkie pieni\u0105dze, zn\u00f3w zad\u0142u\u017cenie, a w\u0142adze miasta i ich koalicja unikaj\u0105 rozmowy\",\"breadcrumb\":{\"@id\":\"https:\\\/\\\/www.ok24.tv\\\/index.php\\\/2026\\\/04\\\/29\\\/chodzi-o-wielkie-pieniadze-a-prezydenccy-radni\\\/#breadcrumb\"},\"inLanguage\":\"pl-PL\",\"potentialAction\":[{\"@type\":\"ReadAction\",\"target\":[\"https:\\\/\\\/www.ok24.tv\\\/index.php\\\/2026\\\/04\\\/29\\\/chodzi-o-wielkie-pieniadze-a-prezydenccy-radni\\\/\"]}]},{\"@type\":\"ImageObject\",\"inLanguage\":\"pl-PL\",\"@id\":\"https:\\\/\\\/www.ok24.tv\\\/index.php\\\/2026\\\/04\\\/29\\\/chodzi-o-wielkie-pieniadze-a-prezydenccy-radni\\\/#primaryimage\",\"url\":\"https:\\\/\\\/www.ok24.tv\\\/wp-content\\\/uploads\\\/2026\\\/04\\\/obraz_2026-04-15_143144959.png\",\"contentUrl\":\"https:\\\/\\\/www.ok24.tv\\\/wp-content\\\/uploads\\\/2026\\\/04\\\/obraz_2026-04-15_143144959.png\",\"width\":523,\"height\":929},{\"@type\":\"BreadcrumbList\",\"@id\":\"https:\\\/\\\/www.ok24.tv\\\/index.php\\\/2026\\\/04\\\/29\\\/chodzi-o-wielkie-pieniadze-a-prezydenccy-radni\\\/#breadcrumb\",\"itemListElement\":[{\"@type\":\"ListItem\",\"position\":1,\"name\":\"Strona g\u0142\u00f3wna\",\"item\":\"https:\\\/\\\/www.ok24.tv\\\/\"},{\"@type\":\"ListItem\",\"position\":2,\"name\":\"Chodzi o wielkie pieni\u0105dze, a prezydenccy radni&#8230;\"}]},{\"@type\":\"WebSite\",\"@id\":\"https:\\\/\\\/www.ok24.tv\\\/#website\",\"url\":\"https:\\\/\\\/www.ok24.tv\\\/\",\"name\":\"OK24\",\"description\":\"Portal agomeracyjny\",\"publisher\":{\"@id\":\"https:\\\/\\\/www.ok24.tv\\\/#organization\"},\"potentialAction\":[{\"@type\":\"SearchAction\",\"target\":{\"@type\":\"EntryPoint\",\"urlTemplate\":\"https:\\\/\\\/www.ok24.tv\\\/?s={search_term_string}\"},\"query-input\":{\"@type\":\"PropertyValueSpecification\",\"valueRequired\":true,\"valueName\":\"search_term_string\"}}],\"inLanguage\":\"pl-PL\"},{\"@type\":\"Organization\",\"@id\":\"https:\\\/\\\/www.ok24.tv\\\/#organization\",\"name\":\"OK24\",\"url\":\"https:\\\/\\\/www.ok24.tv\\\/\",\"logo\":{\"@type\":\"ImageObject\",\"inLanguage\":\"pl-PL\",\"@id\":\"https:\\\/\\\/www.ok24.tv\\\/#\\\/schema\\\/logo\\\/image\\\/\",\"url\":\"https:\\\/\\\/www.ok24.tv\\\/wp-content\\\/uploads\\\/2025\\\/07\\\/cropped-ok24.jpeg\",\"contentUrl\":\"https:\\\/\\\/www.ok24.tv\\\/wp-content\\\/uploads\\\/2025\\\/07\\\/cropped-ok24.jpeg\",\"width\":512,\"height\":512,\"caption\":\"OK24\"},\"image\":{\"@id\":\"https:\\\/\\\/www.ok24.tv\\\/#\\\/schema\\\/logo\\\/image\\\/\"},\"sameAs\":[\"https:\\\/\\\/facebook.com\\\/ok24\"]},{\"@type\":\"Person\",\"@id\":\"https:\\\/\\\/www.ok24.tv\\\/#\\\/schema\\\/person\\\/7ef4d0ebf32e12635d4da716474d2b0d\",\"name\":\"admin\",\"image\":{\"@type\":\"ImageObject\",\"inLanguage\":\"pl-PL\",\"@id\":\"https:\\\/\\\/secure.gravatar.com\\\/avatar\\\/0b1af8ca0037f7c45232a542d3be77a6b82f8c82ed62b6fc12b3d18de66c01df?s=96&d=mm&r=g\",\"url\":\"https:\\\/\\\/secure.gravatar.com\\\/avatar\\\/0b1af8ca0037f7c45232a542d3be77a6b82f8c82ed62b6fc12b3d18de66c01df?s=96&d=mm&r=g\",\"contentUrl\":\"https:\\\/\\\/secure.gravatar.com\\\/avatar\\\/0b1af8ca0037f7c45232a542d3be77a6b82f8c82ed62b6fc12b3d18de66c01df?s=96&d=mm&r=g\",\"caption\":\"admin\"},\"sameAs\":[\"https:\\\/\\\/www.ok24.tv\"],\"url\":\"https:\\\/\\\/www.ok24.tv\\\/index.php\\\/author\\\/admin\\\/\"}]}<\/script>\n<!-- \/ Yoast SEO plugin. -->","yoast_head_json":{"title":"Chodzi o wielkie pieni\u0105dze, a prezydenccy radni... - OK24","description":"Wielka inwestycja, wielkie pieni\u0105dze, zn\u00f3w zad\u0142u\u017cenie, a w\u0142adze miasta i ich koalicja unikaj\u0105 rozmowy","robots":{"index":"index","follow":"follow","max-snippet":"max-snippet:-1","max-image-preview":"max-image-preview:large","max-video-preview":"max-video-preview:-1"},"canonical":"https:\/\/www.ok24.tv\/index.php\/2026\/04\/29\/chodzi-o-wielkie-pieniadze-a-prezydenccy-radni\/","og_locale":"pl_PL","og_type":"article","og_title":"Chodzi o wielkie pieni\u0105dze, a prezydenccy radni... - OK24","og_description":"Wielka inwestycja, wielkie pieni\u0105dze, zn\u00f3w zad\u0142u\u017cenie, a w\u0142adze miasta i ich koalicja unikaj\u0105 rozmowy","og_url":"https:\/\/www.ok24.tv\/index.php\/2026\/04\/29\/chodzi-o-wielkie-pieniadze-a-prezydenccy-radni\/","og_site_name":"OK24","article_publisher":"https:\/\/facebook.com\/ok24","article_published_time":"2026-04-29T11:24:47+00:00","og_image":[{"width":523,"height":929,"url":"https:\/\/www.ok24.tv\/wp-content\/uploads\/2026\/04\/obraz_2026-04-15_143144959.png","type":"image\/png"}],"author":"admin","twitter_card":"summary_large_image","twitter_misc":{"Napisane przez":"admin","Szacowany czas czytania":"1 minuta"},"schema":{"@context":"https:\/\/schema.org","@graph":[{"@type":"Article","@id":"https:\/\/www.ok24.tv\/index.php\/2026\/04\/29\/chodzi-o-wielkie-pieniadze-a-prezydenccy-radni\/#article","isPartOf":{"@id":"https:\/\/www.ok24.tv\/index.php\/2026\/04\/29\/chodzi-o-wielkie-pieniadze-a-prezydenccy-radni\/"},"author":{"name":"admin","@id":"https:\/\/www.ok24.tv\/#\/schema\/person\/7ef4d0ebf32e12635d4da716474d2b0d"},"headline":"Chodzi o wielkie pieni\u0105dze, a prezydenccy radni&#8230;","datePublished":"2026-04-29T11:24:47+00:00","mainEntityOfPage":{"@id":"https:\/\/www.ok24.tv\/index.php\/2026\/04\/29\/chodzi-o-wielkie-pieniadze-a-prezydenccy-radni\/"},"wordCount":354,"publisher":{"@id":"https:\/\/www.ok24.tv\/#organization"},"image":{"@id":"https:\/\/www.ok24.tv\/index.php\/2026\/04\/29\/chodzi-o-wielkie-pieniadze-a-prezydenccy-radni\/#primaryimage"},"thumbnailUrl":"https:\/\/www.ok24.tv\/wp-content\/uploads\/2026\/04\/obraz_2026-04-15_143144959.png","articleSection":["Uncategorized"],"inLanguage":"pl-PL"},{"@type":"WebPage","@id":"https:\/\/www.ok24.tv\/index.php\/2026\/04\/29\/chodzi-o-wielkie-pieniadze-a-prezydenccy-radni\/","url":"https:\/\/www.ok24.tv\/index.php\/2026\/04\/29\/chodzi-o-wielkie-pieniadze-a-prezydenccy-radni\/","name":"Chodzi o wielkie pieni\u0105dze, a prezydenccy radni... - OK24","isPartOf":{"@id":"https:\/\/www.ok24.tv\/#website"},"primaryImageOfPage":{"@id":"https:\/\/www.ok24.tv\/index.php\/2026\/04\/29\/chodzi-o-wielkie-pieniadze-a-prezydenccy-radni\/#primaryimage"},"image":{"@id":"https:\/\/www.ok24.tv\/index.php\/2026\/04\/29\/chodzi-o-wielkie-pieniadze-a-prezydenccy-radni\/#primaryimage"},"thumbnailUrl":"https:\/\/www.ok24.tv\/wp-content\/uploads\/2026\/04\/obraz_2026-04-15_143144959.png","datePublished":"2026-04-29T11:24:47+00:00","description":"Wielka inwestycja, wielkie pieni\u0105dze, zn\u00f3w zad\u0142u\u017cenie, a w\u0142adze miasta i ich koalicja unikaj\u0105 rozmowy","breadcrumb":{"@id":"https:\/\/www.ok24.tv\/index.php\/2026\/04\/29\/chodzi-o-wielkie-pieniadze-a-prezydenccy-radni\/#breadcrumb"},"inLanguage":"pl-PL","potentialAction":[{"@type":"ReadAction","target":["https:\/\/www.ok24.tv\/index.php\/2026\/04\/29\/chodzi-o-wielkie-pieniadze-a-prezydenccy-radni\/"]}]},{"@type":"ImageObject","inLanguage":"pl-PL","@id":"https:\/\/www.ok24.tv\/index.php\/2026\/04\/29\/chodzi-o-wielkie-pieniadze-a-prezydenccy-radni\/#primaryimage","url":"https:\/\/www.ok24.tv\/wp-content\/uploads\/2026\/04\/obraz_2026-04-15_143144959.png","contentUrl":"https:\/\/www.ok24.tv\/wp-content\/uploads\/2026\/04\/obraz_2026-04-15_143144959.png","width":523,"height":929},{"@type":"BreadcrumbList","@id":"https:\/\/www.ok24.tv\/index.php\/2026\/04\/29\/chodzi-o-wielkie-pieniadze-a-prezydenccy-radni\/#breadcrumb","itemListElement":[{"@type":"ListItem","position":1,"name":"Strona g\u0142\u00f3wna","item":"https:\/\/www.ok24.tv\/"},{"@type":"ListItem","position":2,"name":"Chodzi o wielkie pieni\u0105dze, a prezydenccy radni&#8230;"}]},{"@type":"WebSite","@id":"https:\/\/www.ok24.tv\/#website","url":"https:\/\/www.ok24.tv\/","name":"OK24","description":"Portal agomeracyjny","publisher":{"@id":"https:\/\/www.ok24.tv\/#organization"},"potentialAction":[{"@type":"SearchAction","target":{"@type":"EntryPoint","urlTemplate":"https:\/\/www.ok24.tv\/?s={search_term_string}"},"query-input":{"@type":"PropertyValueSpecification","valueRequired":true,"valueName":"search_term_string"}}],"inLanguage":"pl-PL"},{"@type":"Organization","@id":"https:\/\/www.ok24.tv\/#organization","name":"OK24","url":"https:\/\/www.ok24.tv\/","logo":{"@type":"ImageObject","inLanguage":"pl-PL","@id":"https:\/\/www.ok24.tv\/#\/schema\/logo\/image\/","url":"https:\/\/www.ok24.tv\/wp-content\/uploads\/2025\/07\/cropped-ok24.jpeg","contentUrl":"https:\/\/www.ok24.tv\/wp-content\/uploads\/2025\/07\/cropped-ok24.jpeg","width":512,"height":512,"caption":"OK24"},"image":{"@id":"https:\/\/www.ok24.tv\/#\/schema\/logo\/image\/"},"sameAs":["https:\/\/facebook.com\/ok24"]},{"@type":"Person","@id":"https:\/\/www.ok24.tv\/#\/schema\/person\/7ef4d0ebf32e12635d4da716474d2b0d","name":"admin","image":{"@type":"ImageObject","inLanguage":"pl-PL","@id":"https:\/\/secure.gravatar.com\/avatar\/0b1af8ca0037f7c45232a542d3be77a6b82f8c82ed62b6fc12b3d18de66c01df?s=96&d=mm&r=g","url":"https:\/\/secure.gravatar.com\/avatar\/0b1af8ca0037f7c45232a542d3be77a6b82f8c82ed62b6fc12b3d18de66c01df?s=96&d=mm&r=g","contentUrl":"https:\/\/secure.gravatar.com\/avatar\/0b1af8ca0037f7c45232a542d3be77a6b82f8c82ed62b6fc12b3d18de66c01df?s=96&d=mm&r=g","caption":"admin"},"sameAs":["https:\/\/www.ok24.tv"],"url":"https:\/\/www.ok24.tv\/index.php\/author\/admin\/"}]}},"_links":{"self":[{"href":"https:\/\/www.ok24.tv\/index.php\/wp-json\/wp\/v2\/posts\/24094","targetHints":{"allow":["GET"]}}],"collection":[{"href":"https:\/\/www.ok24.tv\/index.php\/wp-json\/wp\/v2\/posts"}],"about":[{"href":"https:\/\/www.ok24.tv\/index.php\/wp-json\/wp\/v2\/types\/post"}],"author":[{"embeddable":true,"href":"https:\/\/www.ok24.tv\/index.php\/wp-json\/wp\/v2\/users\/1"}],"replies":[{"embeddable":true,"href":"https:\/\/www.ok24.tv\/index.php\/wp-json\/wp\/v2\/comments?post=24094"}],"version-history":[{"count":1,"href":"https:\/\/www.ok24.tv\/index.php\/wp-json\/wp\/v2\/posts\/24094\/revisions"}],"predecessor-version":[{"id":24095,"href":"https:\/\/www.ok24.tv\/index.php\/wp-json\/wp\/v2\/posts\/24094\/revisions\/24095"}],"wp:featuredmedia":[{"embeddable":true,"href":"https:\/\/www.ok24.tv\/index.php\/wp-json\/wp\/v2\/media\/24054"}],"wp:attachment":[{"href":"https:\/\/www.ok24.tv\/index.php\/wp-json\/wp\/v2\/media?parent=24094"}],"wp:term":[{"taxonomy":"category","embeddable":true,"href":"https:\/\/www.ok24.tv\/index.php\/wp-json\/wp\/v2\/categories?post=24094"},{"taxonomy":"post_tag","embeddable":true,"href":"https:\/\/www.ok24.tv\/index.php\/wp-json\/wp\/v2\/tags?post=24094"}],"curies":[{"name":"wp","href":"https:\/\/api.w.org\/{rel}","templated":true}]}}