{"id":23599,"date":"2025-12-11T10:29:05","date_gmt":"2025-12-11T10:29:05","guid":{"rendered":"https:\/\/www.ok24.tv\/?p=23599"},"modified":"2026-03-12T14:02:01","modified_gmt":"2026-03-12T14:02:01","slug":"rusza-kalisko-ostrowska-kolej-aglomeracyjna","status":"publish","type":"post","link":"https:\/\/www.ok24.tv\/index.php\/2025\/12\/11\/rusza-kalisko-ostrowska-kolej-aglomeracyjna\/","title":{"rendered":"Rusza Kalisko\u2013Ostrowska Kolej Aglomeracyjna"},"content":{"rendered":"<p>9 grudnia 2025 roku, na dworcu g\u0142\u00f3wnym Ostrowie Wielkopolskim, uroczy\u015bcie zainaugurowano dzia\u0142alno\u015b\u0107 Kalisko\u2013Ostrowskiej Kolei Aglomeracyjnej. To projekt, kt\u00f3ry ju\u017c teraz okre\u015blany jest jako jeden z najwa\u017cniejszych krok\u00f3w w rozwoju transportu publicznego<br \/>\nw po\u0142udniowej Wielkopolsce. Parlamentarzy\u015bci i przedstawiciele samorz\u0105d\u00f3w z ca\u0142ego subregionu,  wzi\u0119li udzia\u0142 w symbolicznym otwarciu nowego rozdzia\u0142u w codziennej komunikacji mieszka\u0144c\u00f3w.<\/p>\n<p><em>ARTYKU\u0141 SPONSOROWANY<\/em><br \/>\nO godzinie 9:30 na peron pierwszy wjecha\u0142 pojazd 36WEh \u2013 pojazd Kolei Wielkopolskich, kt\u00f3ry tego dnia sta\u0142 si\u0119 symbolem nowej siatki po\u0142\u0105cze\u0144 w regionie. Jego pojawienie si\u0119 na stacji podkre\u015bli\u0142o wag\u0119 zmian wprowadzanych w ramach Kalisko\u2013Ostrowskiej Kolei Aglomeracyjnej \u2013 Nowoczesny tabor, punktualno\u015b\u0107 i komfort podr\u00f3\u017cy to znak firmowy sp\u00f3\u0142ki, kt\u00f3ra wraz z Samorz\u0105dem Wojew\u00f3dztwa Wielkopolskiego wyznacza kierunek rozwoju transportu publicznego w po\u0142udniowej Wielkopolsce \u2013 powiedzia\u0142 Robert Pilarczyk, Dyrektor Departamentu Transportu Urz\u0119du Marsza\u0142kowskiego Wojew\u00f3dztwa Wielkopolskiego.<br \/>\nW centrum tego przedsi\u0119wzi\u0119cia stoj\u0105 Koleje Wielkopolskie oraz Samorz\u0105d Wojew\u00f3dztwa Wielkopolskiego \u2013 inicjatorzy, organizatorzy i realizatorzy projektu. To w\u0142a\u015bnie dzi\u0119ki ich determinacji, inwestycjom i konsekwentnej polityce transportowej mo\u017cliwe sta\u0142o si\u0119 stworzenie nowej, g\u0119stszej siatki po\u0142\u0105cze\u0144, kt\u00f3re realnie wp\u0142ywaj\u0105 na jako\u015b\u0107 \u017cycia mieszka\u0144c\u00f3w regionu. \u2013 14 grudnia to dzie\u0144, w kt\u00f3rym kolej zaczyna zmienia\u0107 sw\u00f3j rozk\u0142ad jazdy, rozk\u0142ad jazdy, kt\u00f3ry w przypadku Kolei Wielkopolskich, jest bardzo istotny na po\u0142udniu wojew\u00f3dztwa \u2013 powiedzia\u0142 Marek Nitkowski, Prezes Zarz\u0105du sp\u00f3\u0142ki Koleje Wielkopolskie \u2013 To wa\u017cny krok, aby kolei by\u0142o jeszcze wi\u0119cej w tym regionie. Decyduj\u0105c si\u0119 na uruchomienie nowych po\u0142\u0105cze\u0144 dedykujemy najlepsze pojazdy, kt\u00f3re s\u0105 w\u0142asno\u015bci\u0105 Samorz\u0105du Wojew\u00f3dztwa Wielkopolskiego \u2013 doda\u0142.<br \/>\n\r\n                <style type=\"text\/css\">\r\n                    \r\n                    #tdi_1  .td-doubleSlider-2 .td-item1 {\r\n                        background: url(https:\/\/www.ok24.tv\/wp-content\/uploads\/2025\/12\/koleje_b_008-80x60.jpg) 0 0 no-repeat;\r\n                    }\r\n                    #tdi_1  .td-doubleSlider-2 .td-item2 {\r\n                        background: url(https:\/\/www.ok24.tv\/wp-content\/uploads\/2025\/12\/koleje_b_009-80x60.jpg) 0 0 no-repeat;\r\n                    }\r\n                    #tdi_1  .td-doubleSlider-2 .td-item3 {\r\n                        background: url(https:\/\/www.ok24.tv\/wp-content\/uploads\/2025\/12\/koleje_b_027-80x60.jpg) 0 0 no-repeat;\r\n                    }\r\n                    #tdi_1  .td-doubleSlider-2 .td-item4 {\r\n                        background: url(https:\/\/www.ok24.tv\/wp-content\/uploads\/2025\/12\/koleje_b_031-80x60.jpg) 0 0 no-repeat;\r\n                    }\r\n                    #tdi_1  .td-doubleSlider-2 .td-item5 {\r\n                        background: url(https:\/\/www.ok24.tv\/wp-content\/uploads\/2025\/12\/koleje_b_036-80x60.jpg) 0 0 no-repeat;\r\n                    }\r\n                    #tdi_1  .td-doubleSlider-2 .td-item6 {\r\n                        background: url(https:\/\/www.ok24.tv\/wp-content\/uploads\/2025\/12\/koleje_b_072-80x60.jpg) 0 0 no-repeat;\r\n                    }\r\n                    #tdi_1  .td-doubleSlider-2 .td-item7 {\r\n                        background: url(https:\/\/www.ok24.tv\/wp-content\/uploads\/2025\/12\/koleje059-80x60.jpg) 0 0 no-repeat;\r\n                    }\r\n                <\/style>\r\n\r\n                <div id=\"tdi_1\" class=\"td-gallery td-slide-on-2-columns\">\r\n                    <div class=\"post_td_gallery\">\r\n                        <div class=\"td-gallery-slide-top\">\r\n                           <div class=\"td-gallery-title\"><\/div>\r\n\r\n                            <div class=\"td-gallery-controls-wrapper\">\r\n                                <div class=\"td-gallery-slide-count\"><span class=\"td-gallery-slide-item-focus\">1<\/span> z 7<\/div>\r\n                                <div class=\"td-gallery-slide-prev-next-but\">\r\n                                    <i class = \"td-icon-left doubleSliderPrevButton\"><\/i>\r\n                                    <i class = \"td-icon-right doubleSliderNextButton\"><\/i>\r\n                                <\/div>\r\n                            <\/div>\r\n                        <\/div>\r\n\r\n                        <div class = \"td-doubleSlider-1 \">\r\n                            <div class = \"td-slider\">\r\n                                \r\n                    <div class = \"td-slide-item td-item1\">\r\n                        <figure class=\"td-slide-galery-figure td-slide-popup-gallery\">\r\n                            <a class=\"slide-gallery-image-link\" href=\"https:\/\/www.ok24.tv\/wp-content\/uploads\/2025\/12\/koleje_b_008-scaled.jpg\" title=\"koleje_b_008\"  data-caption=\"\"  data-description=\"\">\r\n                                <img decoding=\"async\" src=\"https:\/\/www.ok24.tv\/wp-content\/uploads\/2025\/12\/koleje_b_008-630x420.jpg\" srcset=\"https:\/\/www.ok24.tv\/wp-content\/uploads\/2025\/12\/koleje_b_008-630x420.jpg 630w, https:\/\/www.ok24.tv\/wp-content\/uploads\/2025\/12\/koleje_b_008-300x200.jpg 300w, https:\/\/www.ok24.tv\/wp-content\/uploads\/2025\/12\/koleje_b_008-1024x683.jpg 1024w, https:\/\/www.ok24.tv\/wp-content\/uploads\/2025\/12\/koleje_b_008-768x512.jpg 768w, https:\/\/www.ok24.tv\/wp-content\/uploads\/2025\/12\/koleje_b_008-1536x1024.jpg 1536w, https:\/\/www.ok24.tv\/wp-content\/uploads\/2025\/12\/koleje_b_008-2048x1365.jpg 2048w, https:\/\/www.ok24.tv\/wp-content\/uploads\/2025\/12\/koleje_b_008-696x464.jpg 696w, https:\/\/www.ok24.tv\/wp-content\/uploads\/2025\/12\/koleje_b_008-1068x712.jpg 1068w\" sizes=\"(max-width: 630px) 100vw, 630px\" alt=\"\">\r\n                            <\/a>\r\n                            \r\n                        <\/figure>\r\n                    <\/div>\r\n                    <div class = \"td-slide-item td-item2\">\r\n                        <figure class=\"td-slide-galery-figure td-slide-popup-gallery\">\r\n                            <a class=\"slide-gallery-image-link\" href=\"https:\/\/www.ok24.tv\/wp-content\/uploads\/2025\/12\/koleje_b_009-scaled.jpg\" title=\"koleje_b_009\"  data-caption=\"\"  data-description=\"\">\r\n                                <img decoding=\"async\" src=\"https:\/\/www.ok24.tv\/wp-content\/uploads\/2025\/12\/koleje_b_009-630x420.jpg\" srcset=\"https:\/\/www.ok24.tv\/wp-content\/uploads\/2025\/12\/koleje_b_009-630x420.jpg 630w, https:\/\/www.ok24.tv\/wp-content\/uploads\/2025\/12\/koleje_b_009-300x200.jpg 300w, https:\/\/www.ok24.tv\/wp-content\/uploads\/2025\/12\/koleje_b_009-1024x683.jpg 1024w, https:\/\/www.ok24.tv\/wp-content\/uploads\/2025\/12\/koleje_b_009-768x512.jpg 768w, https:\/\/www.ok24.tv\/wp-content\/uploads\/2025\/12\/koleje_b_009-1536x1025.jpg 1536w, https:\/\/www.ok24.tv\/wp-content\/uploads\/2025\/12\/koleje_b_009-2048x1366.jpg 2048w, https:\/\/www.ok24.tv\/wp-content\/uploads\/2025\/12\/koleje_b_009-696x464.jpg 696w, https:\/\/www.ok24.tv\/wp-content\/uploads\/2025\/12\/koleje_b_009-1068x712.jpg 1068w\" sizes=\"(max-width: 630px) 100vw, 630px\" alt=\"\">\r\n                            <\/a>\r\n                            \r\n                        <\/figure>\r\n                    <\/div>\r\n                    <div class = \"td-slide-item td-item3\">\r\n                        <figure class=\"td-slide-galery-figure td-slide-popup-gallery\">\r\n                            <a class=\"slide-gallery-image-link\" href=\"https:\/\/www.ok24.tv\/wp-content\/uploads\/2025\/12\/koleje_b_027-scaled.jpg\" title=\"koleje_b_027\"  data-caption=\"\"  data-description=\"\">\r\n                                <img decoding=\"async\" src=\"https:\/\/www.ok24.tv\/wp-content\/uploads\/2025\/12\/koleje_b_027-630x420.jpg\" srcset=\"https:\/\/www.ok24.tv\/wp-content\/uploads\/2025\/12\/koleje_b_027-630x420.jpg 630w, https:\/\/www.ok24.tv\/wp-content\/uploads\/2025\/12\/koleje_b_027-300x200.jpg 300w, https:\/\/www.ok24.tv\/wp-content\/uploads\/2025\/12\/koleje_b_027-1024x683.jpg 1024w, https:\/\/www.ok24.tv\/wp-content\/uploads\/2025\/12\/koleje_b_027-768x512.jpg 768w, https:\/\/www.ok24.tv\/wp-content\/uploads\/2025\/12\/koleje_b_027-1536x1025.jpg 1536w, https:\/\/www.ok24.tv\/wp-content\/uploads\/2025\/12\/koleje_b_027-2048x1366.jpg 2048w, https:\/\/www.ok24.tv\/wp-content\/uploads\/2025\/12\/koleje_b_027-696x464.jpg 696w, https:\/\/www.ok24.tv\/wp-content\/uploads\/2025\/12\/koleje_b_027-1068x712.jpg 1068w\" sizes=\"(max-width: 630px) 100vw, 630px\" alt=\"\">\r\n                            <\/a>\r\n                            \r\n                        <\/figure>\r\n                    <\/div>\r\n                    <div class = \"td-slide-item td-item4\">\r\n                        <figure class=\"td-slide-galery-figure td-slide-popup-gallery\">\r\n                            <a class=\"slide-gallery-image-link\" href=\"https:\/\/www.ok24.tv\/wp-content\/uploads\/2025\/12\/koleje_b_031-scaled.jpg\" title=\"koleje_b_031\"  data-caption=\"\"  data-description=\"\">\r\n                                <img decoding=\"async\" src=\"https:\/\/www.ok24.tv\/wp-content\/uploads\/2025\/12\/koleje_b_031-1248x420.jpg\" srcset=\"https:\/\/www.ok24.tv\/wp-content\/uploads\/2025\/12\/koleje_b_031-1248x420.jpg 1248w, https:\/\/www.ok24.tv\/wp-content\/uploads\/2025\/12\/koleje_b_031-300x101.jpg 300w, https:\/\/www.ok24.tv\/wp-content\/uploads\/2025\/12\/koleje_b_031-1024x345.jpg 1024w, https:\/\/www.ok24.tv\/wp-content\/uploads\/2025\/12\/koleje_b_031-768x259.jpg 768w, https:\/\/www.ok24.tv\/wp-content\/uploads\/2025\/12\/koleje_b_031-1536x517.jpg 1536w, https:\/\/www.ok24.tv\/wp-content\/uploads\/2025\/12\/koleje_b_031-2048x689.jpg 2048w, https:\/\/www.ok24.tv\/wp-content\/uploads\/2025\/12\/koleje_b_031-696x234.jpg 696w, https:\/\/www.ok24.tv\/wp-content\/uploads\/2025\/12\/koleje_b_031-1068x360.jpg 1068w\" sizes=\"(max-width: 1248px) 100vw, 1248px\" alt=\"\">\r\n                            <\/a>\r\n                            \r\n                        <\/figure>\r\n                    <\/div>\r\n                    <div class = \"td-slide-item td-item5\">\r\n                        <figure class=\"td-slide-galery-figure td-slide-popup-gallery\">\r\n                            <a class=\"slide-gallery-image-link\" href=\"https:\/\/www.ok24.tv\/wp-content\/uploads\/2025\/12\/koleje_b_036-scaled.jpg\" title=\"koleje_b_036\"  data-caption=\"\"  data-description=\"\">\r\n                                <img decoding=\"async\" src=\"https:\/\/www.ok24.tv\/wp-content\/uploads\/2025\/12\/koleje_b_036-630x420.jpg\" srcset=\"https:\/\/www.ok24.tv\/wp-content\/uploads\/2025\/12\/koleje_b_036-630x420.jpg 630w, https:\/\/www.ok24.tv\/wp-content\/uploads\/2025\/12\/koleje_b_036-300x200.jpg 300w, https:\/\/www.ok24.tv\/wp-content\/uploads\/2025\/12\/koleje_b_036-1024x683.jpg 1024w, https:\/\/www.ok24.tv\/wp-content\/uploads\/2025\/12\/koleje_b_036-768x512.jpg 768w, https:\/\/www.ok24.tv\/wp-content\/uploads\/2025\/12\/koleje_b_036-1536x1025.jpg 1536w, https:\/\/www.ok24.tv\/wp-content\/uploads\/2025\/12\/koleje_b_036-2048x1366.jpg 2048w, https:\/\/www.ok24.tv\/wp-content\/uploads\/2025\/12\/koleje_b_036-696x464.jpg 696w, https:\/\/www.ok24.tv\/wp-content\/uploads\/2025\/12\/koleje_b_036-1068x712.jpg 1068w\" sizes=\"(max-width: 630px) 100vw, 630px\" alt=\"\">\r\n                            <\/a>\r\n                            \r\n                        <\/figure>\r\n                    <\/div>\r\n                    <div class = \"td-slide-item td-item6\">\r\n                        <figure class=\"td-slide-galery-figure td-slide-popup-gallery\">\r\n                            <a class=\"slide-gallery-image-link\" href=\"https:\/\/www.ok24.tv\/wp-content\/uploads\/2025\/12\/koleje_b_072-scaled.jpg\" title=\"koleje_b_072\"  data-caption=\"\"  data-description=\"\">\r\n                                <img decoding=\"async\" src=\"https:\/\/www.ok24.tv\/wp-content\/uploads\/2025\/12\/koleje_b_072-630x420.jpg\" srcset=\"https:\/\/www.ok24.tv\/wp-content\/uploads\/2025\/12\/koleje_b_072-630x420.jpg 630w, https:\/\/www.ok24.tv\/wp-content\/uploads\/2025\/12\/koleje_b_072-300x200.jpg 300w, https:\/\/www.ok24.tv\/wp-content\/uploads\/2025\/12\/koleje_b_072-1024x683.jpg 1024w, https:\/\/www.ok24.tv\/wp-content\/uploads\/2025\/12\/koleje_b_072-768x512.jpg 768w, https:\/\/www.ok24.tv\/wp-content\/uploads\/2025\/12\/koleje_b_072-1536x1025.jpg 1536w, https:\/\/www.ok24.tv\/wp-content\/uploads\/2025\/12\/koleje_b_072-2048x1366.jpg 2048w, https:\/\/www.ok24.tv\/wp-content\/uploads\/2025\/12\/koleje_b_072-696x464.jpg 696w, https:\/\/www.ok24.tv\/wp-content\/uploads\/2025\/12\/koleje_b_072-1068x712.jpg 1068w\" sizes=\"(max-width: 630px) 100vw, 630px\" alt=\"\">\r\n                            <\/a>\r\n                            \r\n                        <\/figure>\r\n                    <\/div>\r\n                    <div class = \"td-slide-item td-item7\">\r\n                        <figure class=\"td-slide-galery-figure td-slide-popup-gallery\">\r\n                            <a class=\"slide-gallery-image-link\" href=\"https:\/\/www.ok24.tv\/wp-content\/uploads\/2025\/12\/koleje059-scaled.jpg\" title=\"koleje059\"  data-caption=\"\"  data-description=\"\">\r\n                                <img decoding=\"async\" src=\"https:\/\/www.ok24.tv\/wp-content\/uploads\/2025\/12\/koleje059-630x420.jpg\" srcset=\"https:\/\/www.ok24.tv\/wp-content\/uploads\/2025\/12\/koleje059-630x420.jpg 630w, https:\/\/www.ok24.tv\/wp-content\/uploads\/2025\/12\/koleje059-300x200.jpg 300w, https:\/\/www.ok24.tv\/wp-content\/uploads\/2025\/12\/koleje059-1024x683.jpg 1024w, https:\/\/www.ok24.tv\/wp-content\/uploads\/2025\/12\/koleje059-768x512.jpg 768w, https:\/\/www.ok24.tv\/wp-content\/uploads\/2025\/12\/koleje059-1536x1024.jpg 1536w, https:\/\/www.ok24.tv\/wp-content\/uploads\/2025\/12\/koleje059-2048x1365.jpg 2048w, https:\/\/www.ok24.tv\/wp-content\/uploads\/2025\/12\/koleje059-696x464.jpg 696w, https:\/\/www.ok24.tv\/wp-content\/uploads\/2025\/12\/koleje059-1068x712.jpg 1068w\" sizes=\"(max-width: 630px) 100vw, 630px\" alt=\"\">\r\n                            <\/a>\r\n                            \r\n                        <\/figure>\r\n                    <\/div>\r\n                            <\/div>\r\n                        <\/div>\r\n\r\n                        <div class = \"td-doubleSlider-2\">\r\n                            <div class = \"td-slider\">\r\n                                \r\n                    <div class = \"td-button td-item1\">\r\n                        <div class = \"td-border\"><\/div>\r\n                    <\/div>\r\n                    <div class = \"td-button td-item2\">\r\n                        <div class = \"td-border\"><\/div>\r\n                    <\/div>\r\n                    <div class = \"td-button td-item3\">\r\n                        <div class = \"td-border\"><\/div>\r\n                    <\/div>\r\n                    <div class = \"td-button td-item4\">\r\n                        <div class = \"td-border\"><\/div>\r\n                    <\/div>\r\n                    <div class = \"td-button td-item5\">\r\n                        <div class = \"td-border\"><\/div>\r\n                    <\/div>\r\n                    <div class = \"td-button td-item6\">\r\n                        <div class = \"td-border\"><\/div>\r\n                    <\/div>\r\n                    <div class = \"td-button td-item7\">\r\n                        <div class = \"td-border\"><\/div>\r\n                    <\/div>\r\n                            <\/div>\r\n                        <\/div>\r\n\r\n                    <\/div>\r\n\r\n                <\/div>\r\n                <br \/>\nOd po\u0142owy grudnia na trasy Kalisko\u2013Ostrowskiej Aglomeracji wyjedzie 13 dodatkowych par poci\u0105g\u00f3w, co oznacza wzrost liczby kurs\u00f3w w po\u0142udniowej Wielkopolsce a\u017c o ponad 50 procent. Nowe po\u0142\u0105czenia obejm\u0105 Krotoszyn, Kalisz, Opat\u00f3wek i Odolan\u00f3w. \u2013 Dla os\u00f3b codziennie doje\u017cd\u017caj\u0105cych do pracy, szk\u00f3\u0142 i instytucji publicznych oznacza lepsze skomunikowanie \u2013 podkre\u015bli\u0142 Miko\u0142aj Grzyb, Cz\u0142onek Zarz\u0105du Kolei Wielkopolskich &#8211; Uruchomienie Kalisko\u2013Ostrowskiej Kolei Aglomeracyjnej to nie tylko poprawa oferty przewozowej. Dzi\u0119ki wsp\u00f3\u0142pracy lokalnych samorz\u0105d\u00f3w i zaanga\u017cowaniu Kolei Wielkopolskich mieszka\u0144cy regionu zyskuj\u0105 szybkie, wygodne i ekologiczne po\u0142\u0105czenia, kt\u00f3re realnie u\u0142atwi\u0105 codzienne \u017cycie i otworz\u0105 nowe mo\u017cliwo\u015bci komunikacyjne \u2013 doda\u0142.<br \/>\nSamorz\u0105dy razem<br \/>\nProjekt powstaje we wsp\u00f3\u0142pracy wielu jednostek, jednak nadrz\u0119dn\u0105 rol\u0119 pe\u0142ni samorz\u0105d wojew\u00f3dzki \u2013 zar\u00f3wno w zakresie organizacyjnym, jak i finansowym. To on odpowiada za system transportu kolejowego w regionie, koordynacj\u0119 rozk\u0142ad\u00f3w jazdy i rozw\u00f3j siatki po\u0142\u0105cze\u0144. Dodatkowe poci\u0105gi s\u0105 wsp\u00f3\u0142finansowane tak\u017ce przez miasta i powiaty aglomeracji. \u2013 To bardzo wa\u017cny dzie\u0144 dla Ostrowa, Kalisza i wszystkich samorz\u0105d\u00f3w tworz\u0105cych nasz\u0105 aglomeracj\u0119. To przede wszystkim dobra wiadomo\u015b\u0107 dla mieszka\u0144c\u00f3w oraz pasa\u017cer\u00f3w, kt\u00f3rzy \u015bwiadomie wybieraj\u0105 podr\u00f3\u017c kolej\u0105 \u2013 bezpieczn\u0105, ekologiczn\u0105, szybk\u0105 \u2013 powiedzia\u0142a Prezydent Ostrowa Wielkopolskiego Beata Klimek \u2013 W tym miejscu s\u0142owa szczeg\u00f3lnego podzi\u0119kowania skieruje pod adresem pana Wojciecha Jankowiaka, wicemarsza\u0142ka wojew\u00f3dztwa wielkopolskiego, kt\u00f3rego up\u00f3r, determinacja i konsekwencja, doprowadzi\u0142y ostatecznie do tego, \u017ce mo\u017cemy z dum\u0105 t\u0119 aglomeracyjn\u0105 kolej uruchomi\u0107 \u2013 doda\u0142a.<br \/>\nKalisko &#8211; Ostrowska Kolej Aglomeracyjna to przedsi\u0119wzi\u0119cie w kt\u00f3rym bior\u0105 udzia\u0142 samorz\u0105dy: wojew\u00f3dztwa wielkopolskiego, a tak\u017ce cz\u0119\u015b\u0107 gmin i powiat\u00f3w z  subregionu, a w\u015br\u00f3d nich: miasta Kalisz i Ostr\u00f3w Wielkopolski, powiaty: ostrowski, kaliski i krotoszy\u0144ski, gminy: Krotoszyn, Odolan\u00f3w, Nowe Skalmierzyce, Ostr\u00f3w Wielkopolski, Przygodzice, Opat\u00f3wek. Liczby pokazuj\u0105, \u017ce mamy do czynienia z projektem o strategicznym znaczeniu. A to dopiero pocz\u0105tek \u2013 je\u017celi kolejne gminy i powiaty, zdecyduj\u0105 si\u0119 przyst\u0105pi\u0107 do inicjatywy, b\u0119dziemy mogli m\u00f3wi\u0107 o domkni\u0119tym projekcie. Kalisko\u2013Ostrowska Kolej Aglomeracyjna zosta\u0142a zaplanowana jako projekt d\u0142ugoterminowy, a jej rozw\u00f3j b\u0119dzie sukcesywnie kontynuowany. Inauguracja zbieg\u0142a si\u0119 z obchodami 150-lecia po\u0142\u0105czenia Kluczbork\u2013Pozna\u0144, nadaj\u0105c wydarzeniu dodatkowy, historyczny wymiar. To symboliczna klamra \u0142\u0105cz\u0105ca tradycj\u0119 wielkopolskiej kolei z jej nowoczesnym obliczem \u2013 budowanym dzi\u015b przede wszystkim przez Samorz\u0105d Wojew\u00f3dztwa Wielkopolskiego i Koleje Wielkopolskie. <\/p>\n<p>Po\u0142\u0105czenia, kt\u00f3re zmieniaj\u0105 region<br \/>\nW ramach nowej oferty:<br \/>\n\u2022\t\u0142\u0105cznie uruchomionych zostanie 13 nowych par po\u0142\u0105cze\u0144,<br \/>\n\u2022\tw przysz\u0142ym roku Koleje Wielkopolskie planuj\u0105 przewie\u017a\u0107 blisko 20 mln pasa\u017cer\u00f3w.<\/p>\n","protected":false},"excerpt":{"rendered":"<p>To projekt, kt\u00f3ry ju\u017c teraz okre\u015blany jest jako jeden z najwa\u017cniejszych krok\u00f3w w rozwoju transportu publicznego<br \/>\nw po\u0142udniowej Wielkopolsce. Parlamentarzy\u015bci i przedstawiciele samorz\u0105d\u00f3w z ca\u0142ego subregionu,  wzi\u0119li udzia\u0142 w symbolicznym otwarciu nowego rozdzia\u0142u w codziennej komunikacji mieszka\u0144c\u00f3w.<\/p>\n","protected":false},"author":1,"featured_media":23600,"comment_status":"open","ping_status":"open","sticky":false,"template":"","format":"standard","meta":{"_acf_changed":false,"tdm_status":"","tdm_grid_status":"","footnotes":""},"categories":[6,4,38],"tags":[],"class_list":["post-23599","post","type-post","status-publish","format-standard","has-post-thumbnail","category-gospodarka","category-spoleczenstwo","category-wielkopolska"],"acf":[],"yoast_head":"<!-- This site is optimized with the Yoast SEO plugin v28.3 - https:\/\/yoast.com\/product\/yoast-seo-wordpress\/ -->\n<title>Rusza Kalisko\u2013Ostrowska Kolej Aglomeracyjna - OK24<\/title>\n<meta name=\"description\" content=\"To projekt, kt\u00f3ry ju\u017c teraz okre\u015blany jest jako jeden z najwa\u017cniejszych krok\u00f3w w rozwoju transportu publicznego w po\u0142udniowej Wielkopolsce.\" \/>\n<meta name=\"robots\" content=\"index, follow, max-snippet:-1, max-image-preview:large, max-video-preview:-1\" \/>\n<link rel=\"canonical\" href=\"https:\/\/www.ok24.tv\/index.php\/2025\/12\/11\/rusza-kalisko-ostrowska-kolej-aglomeracyjna\/\" \/>\n<meta property=\"og:locale\" content=\"pl_PL\" \/>\n<meta property=\"og:type\" content=\"article\" \/>\n<meta property=\"og:title\" content=\"Rusza Kalisko\u2013Ostrowska Kolej Aglomeracyjna - OK24\" \/>\n<meta property=\"og:description\" content=\"To projekt, kt\u00f3ry ju\u017c teraz okre\u015blany jest jako jeden z najwa\u017cniejszych krok\u00f3w w rozwoju transportu publicznego w po\u0142udniowej Wielkopolsce.\" \/>\n<meta property=\"og:url\" content=\"https:\/\/www.ok24.tv\/index.php\/2025\/12\/11\/rusza-kalisko-ostrowska-kolej-aglomeracyjna\/\" \/>\n<meta property=\"og:site_name\" content=\"OK24\" \/>\n<meta property=\"article:publisher\" content=\"https:\/\/facebook.com\/ok24\" \/>\n<meta property=\"article:published_time\" content=\"2025-12-11T10:29:05+00:00\" \/>\n<meta property=\"article:modified_time\" content=\"2026-03-12T14:02:01+00:00\" \/>\n<meta property=\"og:image\" content=\"https:\/\/www.ok24.tv\/wp-content\/uploads\/2025\/12\/koleje002-scaled.jpg\" \/>\n\t<meta property=\"og:image:width\" content=\"2560\" \/>\n\t<meta property=\"og:image:height\" content=\"1707\" \/>\n\t<meta property=\"og:image:type\" content=\"image\/jpeg\" \/>\n<meta name=\"author\" content=\"admin\" \/>\n<meta name=\"twitter:card\" content=\"summary_large_image\" \/>\n<meta name=\"twitter:label1\" content=\"Napisane przez\" \/>\n\t<meta name=\"twitter:data1\" content=\"admin\" \/>\n\t<meta name=\"twitter:label2\" content=\"Szacowany czas czytania\" \/>\n\t<meta name=\"twitter:data2\" content=\"4 minuty\" \/>\n<script type=\"application\/ld+json\" class=\"yoast-schema-graph\">{\"@context\":\"https:\\\/\\\/schema.org\",\"@graph\":[{\"@type\":\"Article\",\"@id\":\"https:\\\/\\\/www.ok24.tv\\\/index.php\\\/2025\\\/12\\\/11\\\/rusza-kalisko-ostrowska-kolej-aglomeracyjna\\\/#article\",\"isPartOf\":{\"@id\":\"https:\\\/\\\/www.ok24.tv\\\/index.php\\\/2025\\\/12\\\/11\\\/rusza-kalisko-ostrowska-kolej-aglomeracyjna\\\/\"},\"author\":{\"name\":\"admin\",\"@id\":\"https:\\\/\\\/www.ok24.tv\\\/#\\\/schema\\\/person\\\/7ef4d0ebf32e12635d4da716474d2b0d\"},\"headline\":\"Rusza Kalisko\u2013Ostrowska Kolej Aglomeracyjna\",\"datePublished\":\"2025-12-11T10:29:05+00:00\",\"dateModified\":\"2026-03-12T14:02:01+00:00\",\"mainEntityOfPage\":{\"@id\":\"https:\\\/\\\/www.ok24.tv\\\/index.php\\\/2025\\\/12\\\/11\\\/rusza-kalisko-ostrowska-kolej-aglomeracyjna\\\/\"},\"wordCount\":756,\"commentCount\":0,\"publisher\":{\"@id\":\"https:\\\/\\\/www.ok24.tv\\\/#organization\"},\"image\":{\"@id\":\"https:\\\/\\\/www.ok24.tv\\\/index.php\\\/2025\\\/12\\\/11\\\/rusza-kalisko-ostrowska-kolej-aglomeracyjna\\\/#primaryimage\"},\"thumbnailUrl\":\"https:\\\/\\\/www.ok24.tv\\\/wp-content\\\/uploads\\\/2025\\\/12\\\/koleje002-scaled.jpg\",\"articleSection\":[\"Gospodarka\",\"Spo\u0142ecze\u0144stwo\",\"Wielkopolska\"],\"inLanguage\":\"pl-PL\",\"potentialAction\":[{\"@type\":\"CommentAction\",\"name\":\"Comment\",\"target\":[\"https:\\\/\\\/www.ok24.tv\\\/index.php\\\/2025\\\/12\\\/11\\\/rusza-kalisko-ostrowska-kolej-aglomeracyjna\\\/#respond\"]}]},{\"@type\":\"WebPage\",\"@id\":\"https:\\\/\\\/www.ok24.tv\\\/index.php\\\/2025\\\/12\\\/11\\\/rusza-kalisko-ostrowska-kolej-aglomeracyjna\\\/\",\"url\":\"https:\\\/\\\/www.ok24.tv\\\/index.php\\\/2025\\\/12\\\/11\\\/rusza-kalisko-ostrowska-kolej-aglomeracyjna\\\/\",\"name\":\"Rusza Kalisko\u2013Ostrowska Kolej Aglomeracyjna - OK24\",\"isPartOf\":{\"@id\":\"https:\\\/\\\/www.ok24.tv\\\/#website\"},\"primaryImageOfPage\":{\"@id\":\"https:\\\/\\\/www.ok24.tv\\\/index.php\\\/2025\\\/12\\\/11\\\/rusza-kalisko-ostrowska-kolej-aglomeracyjna\\\/#primaryimage\"},\"image\":{\"@id\":\"https:\\\/\\\/www.ok24.tv\\\/index.php\\\/2025\\\/12\\\/11\\\/rusza-kalisko-ostrowska-kolej-aglomeracyjna\\\/#primaryimage\"},\"thumbnailUrl\":\"https:\\\/\\\/www.ok24.tv\\\/wp-content\\\/uploads\\\/2025\\\/12\\\/koleje002-scaled.jpg\",\"datePublished\":\"2025-12-11T10:29:05+00:00\",\"dateModified\":\"2026-03-12T14:02:01+00:00\",\"description\":\"To projekt, kt\u00f3ry ju\u017c teraz okre\u015blany jest jako jeden z najwa\u017cniejszych krok\u00f3w w rozwoju transportu publicznego w po\u0142udniowej Wielkopolsce.\",\"breadcrumb\":{\"@id\":\"https:\\\/\\\/www.ok24.tv\\\/index.php\\\/2025\\\/12\\\/11\\\/rusza-kalisko-ostrowska-kolej-aglomeracyjna\\\/#breadcrumb\"},\"inLanguage\":\"pl-PL\",\"potentialAction\":[{\"@type\":\"ReadAction\",\"target\":[\"https:\\\/\\\/www.ok24.tv\\\/index.php\\\/2025\\\/12\\\/11\\\/rusza-kalisko-ostrowska-kolej-aglomeracyjna\\\/\"]}]},{\"@type\":\"ImageObject\",\"inLanguage\":\"pl-PL\",\"@id\":\"https:\\\/\\\/www.ok24.tv\\\/index.php\\\/2025\\\/12\\\/11\\\/rusza-kalisko-ostrowska-kolej-aglomeracyjna\\\/#primaryimage\",\"url\":\"https:\\\/\\\/www.ok24.tv\\\/wp-content\\\/uploads\\\/2025\\\/12\\\/koleje002-scaled.jpg\",\"contentUrl\":\"https:\\\/\\\/www.ok24.tv\\\/wp-content\\\/uploads\\\/2025\\\/12\\\/koleje002-scaled.jpg\",\"width\":2560,\"height\":1707},{\"@type\":\"BreadcrumbList\",\"@id\":\"https:\\\/\\\/www.ok24.tv\\\/index.php\\\/2025\\\/12\\\/11\\\/rusza-kalisko-ostrowska-kolej-aglomeracyjna\\\/#breadcrumb\",\"itemListElement\":[{\"@type\":\"ListItem\",\"position\":1,\"name\":\"Strona g\u0142\u00f3wna\",\"item\":\"https:\\\/\\\/www.ok24.tv\\\/\"},{\"@type\":\"ListItem\",\"position\":2,\"name\":\"Rusza Kalisko\u2013Ostrowska Kolej Aglomeracyjna\"}]},{\"@type\":\"WebSite\",\"@id\":\"https:\\\/\\\/www.ok24.tv\\\/#website\",\"url\":\"https:\\\/\\\/www.ok24.tv\\\/\",\"name\":\"OK24\",\"description\":\"Portal agomeracyjny\",\"publisher\":{\"@id\":\"https:\\\/\\\/www.ok24.tv\\\/#organization\"},\"potentialAction\":[{\"@type\":\"SearchAction\",\"target\":{\"@type\":\"EntryPoint\",\"urlTemplate\":\"https:\\\/\\\/www.ok24.tv\\\/?s={search_term_string}\"},\"query-input\":{\"@type\":\"PropertyValueSpecification\",\"valueRequired\":true,\"valueName\":\"search_term_string\"}}],\"inLanguage\":\"pl-PL\"},{\"@type\":\"Organization\",\"@id\":\"https:\\\/\\\/www.ok24.tv\\\/#organization\",\"name\":\"OK24\",\"url\":\"https:\\\/\\\/www.ok24.tv\\\/\",\"logo\":{\"@type\":\"ImageObject\",\"inLanguage\":\"pl-PL\",\"@id\":\"https:\\\/\\\/www.ok24.tv\\\/#\\\/schema\\\/logo\\\/image\\\/\",\"url\":\"https:\\\/\\\/www.ok24.tv\\\/wp-content\\\/uploads\\\/2025\\\/07\\\/cropped-ok24.jpeg\",\"contentUrl\":\"https:\\\/\\\/www.ok24.tv\\\/wp-content\\\/uploads\\\/2025\\\/07\\\/cropped-ok24.jpeg\",\"width\":512,\"height\":512,\"caption\":\"OK24\"},\"image\":{\"@id\":\"https:\\\/\\\/www.ok24.tv\\\/#\\\/schema\\\/logo\\\/image\\\/\"},\"sameAs\":[\"https:\\\/\\\/facebook.com\\\/ok24\"]},{\"@type\":\"Person\",\"@id\":\"https:\\\/\\\/www.ok24.tv\\\/#\\\/schema\\\/person\\\/7ef4d0ebf32e12635d4da716474d2b0d\",\"name\":\"admin\",\"image\":{\"@type\":\"ImageObject\",\"inLanguage\":\"pl-PL\",\"@id\":\"https:\\\/\\\/secure.gravatar.com\\\/avatar\\\/0b1af8ca0037f7c45232a542d3be77a6b82f8c82ed62b6fc12b3d18de66c01df?s=96&d=mm&r=g\",\"url\":\"https:\\\/\\\/secure.gravatar.com\\\/avatar\\\/0b1af8ca0037f7c45232a542d3be77a6b82f8c82ed62b6fc12b3d18de66c01df?s=96&d=mm&r=g\",\"contentUrl\":\"https:\\\/\\\/secure.gravatar.com\\\/avatar\\\/0b1af8ca0037f7c45232a542d3be77a6b82f8c82ed62b6fc12b3d18de66c01df?s=96&d=mm&r=g\",\"caption\":\"admin\"},\"sameAs\":[\"https:\\\/\\\/www.ok24.tv\"],\"url\":\"https:\\\/\\\/www.ok24.tv\\\/index.php\\\/author\\\/admin\\\/\"}]}<\/script>\n<!-- \/ Yoast SEO plugin. -->","yoast_head_json":{"title":"Rusza Kalisko\u2013Ostrowska Kolej Aglomeracyjna - OK24","description":"To projekt, kt\u00f3ry ju\u017c teraz okre\u015blany jest jako jeden z najwa\u017cniejszych krok\u00f3w w rozwoju transportu publicznego w po\u0142udniowej Wielkopolsce.","robots":{"index":"index","follow":"follow","max-snippet":"max-snippet:-1","max-image-preview":"max-image-preview:large","max-video-preview":"max-video-preview:-1"},"canonical":"https:\/\/www.ok24.tv\/index.php\/2025\/12\/11\/rusza-kalisko-ostrowska-kolej-aglomeracyjna\/","og_locale":"pl_PL","og_type":"article","og_title":"Rusza Kalisko\u2013Ostrowska Kolej Aglomeracyjna - OK24","og_description":"To projekt, kt\u00f3ry ju\u017c teraz okre\u015blany jest jako jeden z najwa\u017cniejszych krok\u00f3w w rozwoju transportu publicznego w po\u0142udniowej Wielkopolsce.","og_url":"https:\/\/www.ok24.tv\/index.php\/2025\/12\/11\/rusza-kalisko-ostrowska-kolej-aglomeracyjna\/","og_site_name":"OK24","article_publisher":"https:\/\/facebook.com\/ok24","article_published_time":"2025-12-11T10:29:05+00:00","article_modified_time":"2026-03-12T14:02:01+00:00","og_image":[{"width":2560,"height":1707,"url":"https:\/\/www.ok24.tv\/wp-content\/uploads\/2025\/12\/koleje002-scaled.jpg","type":"image\/jpeg"}],"author":"admin","twitter_card":"summary_large_image","twitter_misc":{"Napisane przez":"admin","Szacowany czas czytania":"4 minuty"},"schema":{"@context":"https:\/\/schema.org","@graph":[{"@type":"Article","@id":"https:\/\/www.ok24.tv\/index.php\/2025\/12\/11\/rusza-kalisko-ostrowska-kolej-aglomeracyjna\/#article","isPartOf":{"@id":"https:\/\/www.ok24.tv\/index.php\/2025\/12\/11\/rusza-kalisko-ostrowska-kolej-aglomeracyjna\/"},"author":{"name":"admin","@id":"https:\/\/www.ok24.tv\/#\/schema\/person\/7ef4d0ebf32e12635d4da716474d2b0d"},"headline":"Rusza Kalisko\u2013Ostrowska Kolej Aglomeracyjna","datePublished":"2025-12-11T10:29:05+00:00","dateModified":"2026-03-12T14:02:01+00:00","mainEntityOfPage":{"@id":"https:\/\/www.ok24.tv\/index.php\/2025\/12\/11\/rusza-kalisko-ostrowska-kolej-aglomeracyjna\/"},"wordCount":756,"commentCount":0,"publisher":{"@id":"https:\/\/www.ok24.tv\/#organization"},"image":{"@id":"https:\/\/www.ok24.tv\/index.php\/2025\/12\/11\/rusza-kalisko-ostrowska-kolej-aglomeracyjna\/#primaryimage"},"thumbnailUrl":"https:\/\/www.ok24.tv\/wp-content\/uploads\/2025\/12\/koleje002-scaled.jpg","articleSection":["Gospodarka","Spo\u0142ecze\u0144stwo","Wielkopolska"],"inLanguage":"pl-PL","potentialAction":[{"@type":"CommentAction","name":"Comment","target":["https:\/\/www.ok24.tv\/index.php\/2025\/12\/11\/rusza-kalisko-ostrowska-kolej-aglomeracyjna\/#respond"]}]},{"@type":"WebPage","@id":"https:\/\/www.ok24.tv\/index.php\/2025\/12\/11\/rusza-kalisko-ostrowska-kolej-aglomeracyjna\/","url":"https:\/\/www.ok24.tv\/index.php\/2025\/12\/11\/rusza-kalisko-ostrowska-kolej-aglomeracyjna\/","name":"Rusza Kalisko\u2013Ostrowska Kolej Aglomeracyjna - OK24","isPartOf":{"@id":"https:\/\/www.ok24.tv\/#website"},"primaryImageOfPage":{"@id":"https:\/\/www.ok24.tv\/index.php\/2025\/12\/11\/rusza-kalisko-ostrowska-kolej-aglomeracyjna\/#primaryimage"},"image":{"@id":"https:\/\/www.ok24.tv\/index.php\/2025\/12\/11\/rusza-kalisko-ostrowska-kolej-aglomeracyjna\/#primaryimage"},"thumbnailUrl":"https:\/\/www.ok24.tv\/wp-content\/uploads\/2025\/12\/koleje002-scaled.jpg","datePublished":"2025-12-11T10:29:05+00:00","dateModified":"2026-03-12T14:02:01+00:00","description":"To projekt, kt\u00f3ry ju\u017c teraz okre\u015blany jest jako jeden z najwa\u017cniejszych krok\u00f3w w rozwoju transportu publicznego w po\u0142udniowej Wielkopolsce.","breadcrumb":{"@id":"https:\/\/www.ok24.tv\/index.php\/2025\/12\/11\/rusza-kalisko-ostrowska-kolej-aglomeracyjna\/#breadcrumb"},"inLanguage":"pl-PL","potentialAction":[{"@type":"ReadAction","target":["https:\/\/www.ok24.tv\/index.php\/2025\/12\/11\/rusza-kalisko-ostrowska-kolej-aglomeracyjna\/"]}]},{"@type":"ImageObject","inLanguage":"pl-PL","@id":"https:\/\/www.ok24.tv\/index.php\/2025\/12\/11\/rusza-kalisko-ostrowska-kolej-aglomeracyjna\/#primaryimage","url":"https:\/\/www.ok24.tv\/wp-content\/uploads\/2025\/12\/koleje002-scaled.jpg","contentUrl":"https:\/\/www.ok24.tv\/wp-content\/uploads\/2025\/12\/koleje002-scaled.jpg","width":2560,"height":1707},{"@type":"BreadcrumbList","@id":"https:\/\/www.ok24.tv\/index.php\/2025\/12\/11\/rusza-kalisko-ostrowska-kolej-aglomeracyjna\/#breadcrumb","itemListElement":[{"@type":"ListItem","position":1,"name":"Strona g\u0142\u00f3wna","item":"https:\/\/www.ok24.tv\/"},{"@type":"ListItem","position":2,"name":"Rusza Kalisko\u2013Ostrowska Kolej Aglomeracyjna"}]},{"@type":"WebSite","@id":"https:\/\/www.ok24.tv\/#website","url":"https:\/\/www.ok24.tv\/","name":"OK24","description":"Portal agomeracyjny","publisher":{"@id":"https:\/\/www.ok24.tv\/#organization"},"potentialAction":[{"@type":"SearchAction","target":{"@type":"EntryPoint","urlTemplate":"https:\/\/www.ok24.tv\/?s={search_term_string}"},"query-input":{"@type":"PropertyValueSpecification","valueRequired":true,"valueName":"search_term_string"}}],"inLanguage":"pl-PL"},{"@type":"Organization","@id":"https:\/\/www.ok24.tv\/#organization","name":"OK24","url":"https:\/\/www.ok24.tv\/","logo":{"@type":"ImageObject","inLanguage":"pl-PL","@id":"https:\/\/www.ok24.tv\/#\/schema\/logo\/image\/","url":"https:\/\/www.ok24.tv\/wp-content\/uploads\/2025\/07\/cropped-ok24.jpeg","contentUrl":"https:\/\/www.ok24.tv\/wp-content\/uploads\/2025\/07\/cropped-ok24.jpeg","width":512,"height":512,"caption":"OK24"},"image":{"@id":"https:\/\/www.ok24.tv\/#\/schema\/logo\/image\/"},"sameAs":["https:\/\/facebook.com\/ok24"]},{"@type":"Person","@id":"https:\/\/www.ok24.tv\/#\/schema\/person\/7ef4d0ebf32e12635d4da716474d2b0d","name":"admin","image":{"@type":"ImageObject","inLanguage":"pl-PL","@id":"https:\/\/secure.gravatar.com\/avatar\/0b1af8ca0037f7c45232a542d3be77a6b82f8c82ed62b6fc12b3d18de66c01df?s=96&d=mm&r=g","url":"https:\/\/secure.gravatar.com\/avatar\/0b1af8ca0037f7c45232a542d3be77a6b82f8c82ed62b6fc12b3d18de66c01df?s=96&d=mm&r=g","contentUrl":"https:\/\/secure.gravatar.com\/avatar\/0b1af8ca0037f7c45232a542d3be77a6b82f8c82ed62b6fc12b3d18de66c01df?s=96&d=mm&r=g","caption":"admin"},"sameAs":["https:\/\/www.ok24.tv"],"url":"https:\/\/www.ok24.tv\/index.php\/author\/admin\/"}]}},"_links":{"self":[{"href":"https:\/\/www.ok24.tv\/index.php\/wp-json\/wp\/v2\/posts\/23599","targetHints":{"allow":["GET"]}}],"collection":[{"href":"https:\/\/www.ok24.tv\/index.php\/wp-json\/wp\/v2\/posts"}],"about":[{"href":"https:\/\/www.ok24.tv\/index.php\/wp-json\/wp\/v2\/types\/post"}],"author":[{"embeddable":true,"href":"https:\/\/www.ok24.tv\/index.php\/wp-json\/wp\/v2\/users\/1"}],"replies":[{"embeddable":true,"href":"https:\/\/www.ok24.tv\/index.php\/wp-json\/wp\/v2\/comments?post=23599"}],"version-history":[{"count":3,"href":"https:\/\/www.ok24.tv\/index.php\/wp-json\/wp\/v2\/posts\/23599\/revisions"}],"predecessor-version":[{"id":23610,"href":"https:\/\/www.ok24.tv\/index.php\/wp-json\/wp\/v2\/posts\/23599\/revisions\/23610"}],"wp:featuredmedia":[{"embeddable":true,"href":"https:\/\/www.ok24.tv\/index.php\/wp-json\/wp\/v2\/media\/23600"}],"wp:attachment":[{"href":"https:\/\/www.ok24.tv\/index.php\/wp-json\/wp\/v2\/media?parent=23599"}],"wp:term":[{"taxonomy":"category","embeddable":true,"href":"https:\/\/www.ok24.tv\/index.php\/wp-json\/wp\/v2\/categories?post=23599"},{"taxonomy":"post_tag","embeddable":true,"href":"https:\/\/www.ok24.tv\/index.php\/wp-json\/wp\/v2\/tags?post=23599"}],"curies":[{"name":"wp","href":"https:\/\/api.w.org\/{rel}","templated":true}]}}