{"id":23485,"date":"2025-08-19T15:45:04","date_gmt":"2025-08-19T15:45:04","guid":{"rendered":"https:\/\/www.ok24.tv\/?p=23485"},"modified":"2025-08-19T15:52:46","modified_gmt":"2025-08-19T15:52:46","slug":"kontenery-znikaja-co-zrobic-ze-zuzytymi-ubraniami","status":"publish","type":"post","link":"https:\/\/www.ok24.tv\/index.php\/2025\/08\/19\/kontenery-znikaja-co-zrobic-ze-zuzytymi-ubraniami\/","title":{"rendered":"Kontenery znikaj\u0105, co zrobi\u0107 ze zu\u017cytymi ubraniami?"},"content":{"rendered":"<p>Kontenery PCK znikaj\u0105 z polskich ulic. Firma Wt\u00f3rpol zako\u0144czy\u0142a wsp\u00f3\u0142prac\u0119 z Polskim Czerwonym Krzy\u017cem. Powodem s\u0105 nowe przepisy dotycz\u0105ce recyklingu tekstyli\u00f3w.<\/p>\n<p>Od 2025 roku obowi\u0105zuje unijna dyrektywa o odpadach. Ubrania i tekstylia nie mog\u0105 ju\u017c trafia\u0107 do zmieszanych \u015bmieci. Za z\u0142amanie przepis\u00f3w grozi nawet 100% podwy\u017cki op\u0142aty za wyw\u00f3z odpad\u00f3w. U\u017cywan\u0105 odzie\u017c trzeba oddawa\u0107 do PSZOK, czyli Punktu Selektywnej Zbi\u00f3rki Odpad\u00f3w Komunalnych.<\/p>\n<p>Problem w tym, \u017ce wiele os\u00f3b wci\u0105\u017c wrzuca\u0142o ubrania do kontener\u00f3w PCK. Wt\u00f3rpol odbiera\u0142 je, sortowa\u0142, cz\u0119\u015b\u0107 sprzedawa\u0142, a reszt\u0119 utylizowa\u0142. Doch\u00f3d trafia\u0142 do Polskiego Czerwonego Krzy\u017ca i wspiera\u0142 dzia\u0142ania pomocowe.<\/p>\n<p>Po zmianie przepis\u00f3w do kontener\u00f3w zacz\u0119\u0142y jednak trafia\u0107 ubrania gorszej jako\u015bci. Koszty utylizacji wzros\u0142y, a sprzeda\u017c przesta\u0142a si\u0119 op\u0142aca\u0107. Dlatego Wt\u00f3rpol rozwi\u0105za\u0142 umow\u0119 z PCK.<\/p>\n<p>Polski Czerwony Krzy\u017c poinformowa\u0142, \u017ce musi ograniczy\u0107 zbi\u00f3rk\u0119 odzie\u017cy u\u017cywanej. Organizacja podkre\u015bla, \u017ce decyzja jest skutkiem zmian w prawie i rosn\u0105cych koszt\u00f3w gospodarki odpadami tekstylnymi.<br \/>\nMieszka\u0144com Dolnego \u015al\u0105ska kontenery PCK kojarz\u0105 si\u0119 nie tylko ze zbi\u00f3rkami odzie\u017cy, ale r\u00f3wnie\u017c z g\u0142o\u015bn\u0105 afer\u0105, kt\u00f3ra kosztowa\u0142a karier\u0119 <a href=\"https:\/\/milicka.eu\/index.php\/wiezienie-dla-oskarzonych\/\">tutejszego pos\u0142a.<\/a> <\/p>\n","protected":false},"excerpt":{"rendered":"<p>Kontenery PCK znikaj\u0105 z polskich ulic. Firma Wt\u00f3rpol zako\u0144czy\u0142a wsp\u00f3\u0142prac\u0119 z Polskim Czerwonym Krzy\u017cem. Powodem s\u0105 nowe przepisy dotycz\u0105ce recyklingu tekstyli\u00f3w.<\/p>\n","protected":false},"author":1,"featured_media":23486,"comment_status":"open","ping_status":"open","sticky":false,"template":"","format":"standard","meta":{"_acf_changed":false,"tdm_status":"","tdm_grid_status":"","footnotes":""},"categories":[1],"tags":[],"class_list":{"0":"post-23485","1":"post","2":"type-post","3":"status-publish","4":"format-standard","5":"has-post-thumbnail","7":"category-uncategorized"},"acf":[],"yoast_head":"<!-- This site is optimized with the Yoast SEO plugin v27.5 - https:\/\/yoast.com\/product\/yoast-seo-wordpress\/ -->\n<title>Kontenery znikaj\u0105, co zrobi\u0107 ze zu\u017cytymi ubraniami? - OK24<\/title>\n<meta name=\"description\" content=\"Kontenery PCK znikaj\u0105 z polskich ulic. Firma Wt\u00f3rpol zako\u0144czy\u0142a wsp\u00f3\u0142prac\u0119 z Polskim Czerwonym Krzy\u017cem. Powodem s\u0105 nowe przepisy dotycz\u0105ce recyklingu tekstyli\u00f3w.\" \/>\n<meta name=\"robots\" content=\"index, follow, max-snippet:-1, max-image-preview:large, max-video-preview:-1\" \/>\n<link rel=\"canonical\" href=\"https:\/\/www.ok24.tv\/index.php\/2025\/08\/19\/kontenery-znikaja-co-zrobic-ze-zuzytymi-ubraniami\/\" \/>\n<meta property=\"og:locale\" content=\"pl_PL\" \/>\n<meta property=\"og:type\" content=\"article\" \/>\n<meta property=\"og:title\" content=\"Kontenery znikaj\u0105, co zrobi\u0107 ze zu\u017cytymi ubraniami? - OK24\" \/>\n<meta property=\"og:description\" content=\"Kontenery PCK znikaj\u0105 z polskich ulic. Firma Wt\u00f3rpol zako\u0144czy\u0142a wsp\u00f3\u0142prac\u0119 z Polskim Czerwonym Krzy\u017cem. Powodem s\u0105 nowe przepisy dotycz\u0105ce recyklingu tekstyli\u00f3w.\" \/>\n<meta property=\"og:url\" content=\"https:\/\/www.ok24.tv\/index.php\/2025\/08\/19\/kontenery-znikaja-co-zrobic-ze-zuzytymi-ubraniami\/\" \/>\n<meta property=\"og:site_name\" content=\"OK24\" \/>\n<meta property=\"article:publisher\" content=\"https:\/\/facebook.com\/ok24\" \/>\n<meta property=\"article:published_time\" content=\"2025-08-19T15:45:04+00:00\" \/>\n<meta property=\"article:modified_time\" content=\"2025-08-19T15:52:46+00:00\" \/>\n<meta property=\"og:image\" content=\"https:\/\/www.ok24.tv\/wp-content\/uploads\/2025\/08\/obraz_2025-08-19_174442415.png\" \/>\n\t<meta property=\"og:image:width\" content=\"1024\" \/>\n\t<meta property=\"og:image:height\" content=\"684\" \/>\n\t<meta property=\"og:image:type\" content=\"image\/png\" \/>\n<meta name=\"author\" content=\"admin\" \/>\n<meta name=\"twitter:card\" content=\"summary_large_image\" \/>\n<meta name=\"twitter:label1\" content=\"Napisane przez\" \/>\n\t<meta name=\"twitter:data1\" content=\"admin\" \/>\n\t<meta name=\"twitter:label2\" content=\"Szacowany czas czytania\" \/>\n\t<meta name=\"twitter:data2\" content=\"2 minuty\" \/>\n<script type=\"application\/ld+json\" class=\"yoast-schema-graph\">{\"@context\":\"https:\\\/\\\/schema.org\",\"@graph\":[{\"@type\":\"Article\",\"@id\":\"https:\\\/\\\/www.ok24.tv\\\/index.php\\\/2025\\\/08\\\/19\\\/kontenery-znikaja-co-zrobic-ze-zuzytymi-ubraniami\\\/#article\",\"isPartOf\":{\"@id\":\"https:\\\/\\\/www.ok24.tv\\\/index.php\\\/2025\\\/08\\\/19\\\/kontenery-znikaja-co-zrobic-ze-zuzytymi-ubraniami\\\/\"},\"author\":{\"name\":\"admin\",\"@id\":\"https:\\\/\\\/www.ok24.tv\\\/#\\\/schema\\\/person\\\/7ef4d0ebf32e12635d4da716474d2b0d\"},\"headline\":\"Kontenery znikaj\u0105, co zrobi\u0107 ze zu\u017cytymi ubraniami?\",\"datePublished\":\"2025-08-19T15:45:04+00:00\",\"dateModified\":\"2025-08-19T15:52:46+00:00\",\"mainEntityOfPage\":{\"@id\":\"https:\\\/\\\/www.ok24.tv\\\/index.php\\\/2025\\\/08\\\/19\\\/kontenery-znikaja-co-zrobic-ze-zuzytymi-ubraniami\\\/\"},\"wordCount\":220,\"commentCount\":0,\"publisher\":{\"@id\":\"https:\\\/\\\/www.ok24.tv\\\/#organization\"},\"image\":{\"@id\":\"https:\\\/\\\/www.ok24.tv\\\/index.php\\\/2025\\\/08\\\/19\\\/kontenery-znikaja-co-zrobic-ze-zuzytymi-ubraniami\\\/#primaryimage\"},\"thumbnailUrl\":\"https:\\\/\\\/www.ok24.tv\\\/wp-content\\\/uploads\\\/2025\\\/08\\\/obraz_2025-08-19_174442415.png\",\"articleSection\":[\"Uncategorized\"],\"inLanguage\":\"pl-PL\",\"potentialAction\":[{\"@type\":\"CommentAction\",\"name\":\"Comment\",\"target\":[\"https:\\\/\\\/www.ok24.tv\\\/index.php\\\/2025\\\/08\\\/19\\\/kontenery-znikaja-co-zrobic-ze-zuzytymi-ubraniami\\\/#respond\"]}]},{\"@type\":\"WebPage\",\"@id\":\"https:\\\/\\\/www.ok24.tv\\\/index.php\\\/2025\\\/08\\\/19\\\/kontenery-znikaja-co-zrobic-ze-zuzytymi-ubraniami\\\/\",\"url\":\"https:\\\/\\\/www.ok24.tv\\\/index.php\\\/2025\\\/08\\\/19\\\/kontenery-znikaja-co-zrobic-ze-zuzytymi-ubraniami\\\/\",\"name\":\"Kontenery znikaj\u0105, co zrobi\u0107 ze zu\u017cytymi ubraniami? - OK24\",\"isPartOf\":{\"@id\":\"https:\\\/\\\/www.ok24.tv\\\/#website\"},\"primaryImageOfPage\":{\"@id\":\"https:\\\/\\\/www.ok24.tv\\\/index.php\\\/2025\\\/08\\\/19\\\/kontenery-znikaja-co-zrobic-ze-zuzytymi-ubraniami\\\/#primaryimage\"},\"image\":{\"@id\":\"https:\\\/\\\/www.ok24.tv\\\/index.php\\\/2025\\\/08\\\/19\\\/kontenery-znikaja-co-zrobic-ze-zuzytymi-ubraniami\\\/#primaryimage\"},\"thumbnailUrl\":\"https:\\\/\\\/www.ok24.tv\\\/wp-content\\\/uploads\\\/2025\\\/08\\\/obraz_2025-08-19_174442415.png\",\"datePublished\":\"2025-08-19T15:45:04+00:00\",\"dateModified\":\"2025-08-19T15:52:46+00:00\",\"description\":\"Kontenery PCK znikaj\u0105 z polskich ulic. Firma Wt\u00f3rpol zako\u0144czy\u0142a wsp\u00f3\u0142prac\u0119 z Polskim Czerwonym Krzy\u017cem. Powodem s\u0105 nowe przepisy dotycz\u0105ce recyklingu tekstyli\u00f3w.\",\"breadcrumb\":{\"@id\":\"https:\\\/\\\/www.ok24.tv\\\/index.php\\\/2025\\\/08\\\/19\\\/kontenery-znikaja-co-zrobic-ze-zuzytymi-ubraniami\\\/#breadcrumb\"},\"inLanguage\":\"pl-PL\",\"potentialAction\":[{\"@type\":\"ReadAction\",\"target\":[\"https:\\\/\\\/www.ok24.tv\\\/index.php\\\/2025\\\/08\\\/19\\\/kontenery-znikaja-co-zrobic-ze-zuzytymi-ubraniami\\\/\"]}]},{\"@type\":\"ImageObject\",\"inLanguage\":\"pl-PL\",\"@id\":\"https:\\\/\\\/www.ok24.tv\\\/index.php\\\/2025\\\/08\\\/19\\\/kontenery-znikaja-co-zrobic-ze-zuzytymi-ubraniami\\\/#primaryimage\",\"url\":\"https:\\\/\\\/www.ok24.tv\\\/wp-content\\\/uploads\\\/2025\\\/08\\\/obraz_2025-08-19_174442415.png\",\"contentUrl\":\"https:\\\/\\\/www.ok24.tv\\\/wp-content\\\/uploads\\\/2025\\\/08\\\/obraz_2025-08-19_174442415.png\",\"width\":1024,\"height\":684},{\"@type\":\"BreadcrumbList\",\"@id\":\"https:\\\/\\\/www.ok24.tv\\\/index.php\\\/2025\\\/08\\\/19\\\/kontenery-znikaja-co-zrobic-ze-zuzytymi-ubraniami\\\/#breadcrumb\",\"itemListElement\":[{\"@type\":\"ListItem\",\"position\":1,\"name\":\"Strona g\u0142\u00f3wna\",\"item\":\"https:\\\/\\\/www.ok24.tv\\\/\"},{\"@type\":\"ListItem\",\"position\":2,\"name\":\"Kontenery znikaj\u0105, co zrobi\u0107 ze zu\u017cytymi ubraniami?\"}]},{\"@type\":\"WebSite\",\"@id\":\"https:\\\/\\\/www.ok24.tv\\\/#website\",\"url\":\"https:\\\/\\\/www.ok24.tv\\\/\",\"name\":\"OK24\",\"description\":\"Portal agomeracyjny\",\"publisher\":{\"@id\":\"https:\\\/\\\/www.ok24.tv\\\/#organization\"},\"potentialAction\":[{\"@type\":\"SearchAction\",\"target\":{\"@type\":\"EntryPoint\",\"urlTemplate\":\"https:\\\/\\\/www.ok24.tv\\\/?s={search_term_string}\"},\"query-input\":{\"@type\":\"PropertyValueSpecification\",\"valueRequired\":true,\"valueName\":\"search_term_string\"}}],\"inLanguage\":\"pl-PL\"},{\"@type\":\"Organization\",\"@id\":\"https:\\\/\\\/www.ok24.tv\\\/#organization\",\"name\":\"OK24\",\"url\":\"https:\\\/\\\/www.ok24.tv\\\/\",\"logo\":{\"@type\":\"ImageObject\",\"inLanguage\":\"pl-PL\",\"@id\":\"https:\\\/\\\/www.ok24.tv\\\/#\\\/schema\\\/logo\\\/image\\\/\",\"url\":\"https:\\\/\\\/www.ok24.tv\\\/wp-content\\\/uploads\\\/2025\\\/07\\\/cropped-ok24.jpeg\",\"contentUrl\":\"https:\\\/\\\/www.ok24.tv\\\/wp-content\\\/uploads\\\/2025\\\/07\\\/cropped-ok24.jpeg\",\"width\":512,\"height\":512,\"caption\":\"OK24\"},\"image\":{\"@id\":\"https:\\\/\\\/www.ok24.tv\\\/#\\\/schema\\\/logo\\\/image\\\/\"},\"sameAs\":[\"https:\\\/\\\/facebook.com\\\/ok24\"]},{\"@type\":\"Person\",\"@id\":\"https:\\\/\\\/www.ok24.tv\\\/#\\\/schema\\\/person\\\/7ef4d0ebf32e12635d4da716474d2b0d\",\"name\":\"admin\",\"image\":{\"@type\":\"ImageObject\",\"inLanguage\":\"pl-PL\",\"@id\":\"https:\\\/\\\/secure.gravatar.com\\\/avatar\\\/0b1af8ca0037f7c45232a542d3be77a6b82f8c82ed62b6fc12b3d18de66c01df?s=96&d=mm&r=g\",\"url\":\"https:\\\/\\\/secure.gravatar.com\\\/avatar\\\/0b1af8ca0037f7c45232a542d3be77a6b82f8c82ed62b6fc12b3d18de66c01df?s=96&d=mm&r=g\",\"contentUrl\":\"https:\\\/\\\/secure.gravatar.com\\\/avatar\\\/0b1af8ca0037f7c45232a542d3be77a6b82f8c82ed62b6fc12b3d18de66c01df?s=96&d=mm&r=g\",\"caption\":\"admin\"},\"sameAs\":[\"https:\\\/\\\/www.ok24.tv\"],\"url\":\"https:\\\/\\\/www.ok24.tv\\\/index.php\\\/author\\\/admin\\\/\"}]}<\/script>\n<!-- \/ Yoast SEO plugin. -->","yoast_head_json":{"title":"Kontenery znikaj\u0105, co zrobi\u0107 ze zu\u017cytymi ubraniami? - OK24","description":"Kontenery PCK znikaj\u0105 z polskich ulic. Firma Wt\u00f3rpol zako\u0144czy\u0142a wsp\u00f3\u0142prac\u0119 z Polskim Czerwonym Krzy\u017cem. Powodem s\u0105 nowe przepisy dotycz\u0105ce recyklingu tekstyli\u00f3w.","robots":{"index":"index","follow":"follow","max-snippet":"max-snippet:-1","max-image-preview":"max-image-preview:large","max-video-preview":"max-video-preview:-1"},"canonical":"https:\/\/www.ok24.tv\/index.php\/2025\/08\/19\/kontenery-znikaja-co-zrobic-ze-zuzytymi-ubraniami\/","og_locale":"pl_PL","og_type":"article","og_title":"Kontenery znikaj\u0105, co zrobi\u0107 ze zu\u017cytymi ubraniami? - OK24","og_description":"Kontenery PCK znikaj\u0105 z polskich ulic. Firma Wt\u00f3rpol zako\u0144czy\u0142a wsp\u00f3\u0142prac\u0119 z Polskim Czerwonym Krzy\u017cem. Powodem s\u0105 nowe przepisy dotycz\u0105ce recyklingu tekstyli\u00f3w.","og_url":"https:\/\/www.ok24.tv\/index.php\/2025\/08\/19\/kontenery-znikaja-co-zrobic-ze-zuzytymi-ubraniami\/","og_site_name":"OK24","article_publisher":"https:\/\/facebook.com\/ok24","article_published_time":"2025-08-19T15:45:04+00:00","article_modified_time":"2025-08-19T15:52:46+00:00","og_image":[{"width":1024,"height":684,"url":"https:\/\/www.ok24.tv\/wp-content\/uploads\/2025\/08\/obraz_2025-08-19_174442415.png","type":"image\/png"}],"author":"admin","twitter_card":"summary_large_image","twitter_misc":{"Napisane przez":"admin","Szacowany czas czytania":"2 minuty"},"schema":{"@context":"https:\/\/schema.org","@graph":[{"@type":"Article","@id":"https:\/\/www.ok24.tv\/index.php\/2025\/08\/19\/kontenery-znikaja-co-zrobic-ze-zuzytymi-ubraniami\/#article","isPartOf":{"@id":"https:\/\/www.ok24.tv\/index.php\/2025\/08\/19\/kontenery-znikaja-co-zrobic-ze-zuzytymi-ubraniami\/"},"author":{"name":"admin","@id":"https:\/\/www.ok24.tv\/#\/schema\/person\/7ef4d0ebf32e12635d4da716474d2b0d"},"headline":"Kontenery znikaj\u0105, co zrobi\u0107 ze zu\u017cytymi ubraniami?","datePublished":"2025-08-19T15:45:04+00:00","dateModified":"2025-08-19T15:52:46+00:00","mainEntityOfPage":{"@id":"https:\/\/www.ok24.tv\/index.php\/2025\/08\/19\/kontenery-znikaja-co-zrobic-ze-zuzytymi-ubraniami\/"},"wordCount":220,"commentCount":0,"publisher":{"@id":"https:\/\/www.ok24.tv\/#organization"},"image":{"@id":"https:\/\/www.ok24.tv\/index.php\/2025\/08\/19\/kontenery-znikaja-co-zrobic-ze-zuzytymi-ubraniami\/#primaryimage"},"thumbnailUrl":"https:\/\/www.ok24.tv\/wp-content\/uploads\/2025\/08\/obraz_2025-08-19_174442415.png","articleSection":["Uncategorized"],"inLanguage":"pl-PL","potentialAction":[{"@type":"CommentAction","name":"Comment","target":["https:\/\/www.ok24.tv\/index.php\/2025\/08\/19\/kontenery-znikaja-co-zrobic-ze-zuzytymi-ubraniami\/#respond"]}]},{"@type":"WebPage","@id":"https:\/\/www.ok24.tv\/index.php\/2025\/08\/19\/kontenery-znikaja-co-zrobic-ze-zuzytymi-ubraniami\/","url":"https:\/\/www.ok24.tv\/index.php\/2025\/08\/19\/kontenery-znikaja-co-zrobic-ze-zuzytymi-ubraniami\/","name":"Kontenery znikaj\u0105, co zrobi\u0107 ze zu\u017cytymi ubraniami? - OK24","isPartOf":{"@id":"https:\/\/www.ok24.tv\/#website"},"primaryImageOfPage":{"@id":"https:\/\/www.ok24.tv\/index.php\/2025\/08\/19\/kontenery-znikaja-co-zrobic-ze-zuzytymi-ubraniami\/#primaryimage"},"image":{"@id":"https:\/\/www.ok24.tv\/index.php\/2025\/08\/19\/kontenery-znikaja-co-zrobic-ze-zuzytymi-ubraniami\/#primaryimage"},"thumbnailUrl":"https:\/\/www.ok24.tv\/wp-content\/uploads\/2025\/08\/obraz_2025-08-19_174442415.png","datePublished":"2025-08-19T15:45:04+00:00","dateModified":"2025-08-19T15:52:46+00:00","description":"Kontenery PCK znikaj\u0105 z polskich ulic. Firma Wt\u00f3rpol zako\u0144czy\u0142a wsp\u00f3\u0142prac\u0119 z Polskim Czerwonym Krzy\u017cem. Powodem s\u0105 nowe przepisy dotycz\u0105ce recyklingu tekstyli\u00f3w.","breadcrumb":{"@id":"https:\/\/www.ok24.tv\/index.php\/2025\/08\/19\/kontenery-znikaja-co-zrobic-ze-zuzytymi-ubraniami\/#breadcrumb"},"inLanguage":"pl-PL","potentialAction":[{"@type":"ReadAction","target":["https:\/\/www.ok24.tv\/index.php\/2025\/08\/19\/kontenery-znikaja-co-zrobic-ze-zuzytymi-ubraniami\/"]}]},{"@type":"ImageObject","inLanguage":"pl-PL","@id":"https:\/\/www.ok24.tv\/index.php\/2025\/08\/19\/kontenery-znikaja-co-zrobic-ze-zuzytymi-ubraniami\/#primaryimage","url":"https:\/\/www.ok24.tv\/wp-content\/uploads\/2025\/08\/obraz_2025-08-19_174442415.png","contentUrl":"https:\/\/www.ok24.tv\/wp-content\/uploads\/2025\/08\/obraz_2025-08-19_174442415.png","width":1024,"height":684},{"@type":"BreadcrumbList","@id":"https:\/\/www.ok24.tv\/index.php\/2025\/08\/19\/kontenery-znikaja-co-zrobic-ze-zuzytymi-ubraniami\/#breadcrumb","itemListElement":[{"@type":"ListItem","position":1,"name":"Strona g\u0142\u00f3wna","item":"https:\/\/www.ok24.tv\/"},{"@type":"ListItem","position":2,"name":"Kontenery znikaj\u0105, co zrobi\u0107 ze zu\u017cytymi ubraniami?"}]},{"@type":"WebSite","@id":"https:\/\/www.ok24.tv\/#website","url":"https:\/\/www.ok24.tv\/","name":"OK24","description":"Portal agomeracyjny","publisher":{"@id":"https:\/\/www.ok24.tv\/#organization"},"potentialAction":[{"@type":"SearchAction","target":{"@type":"EntryPoint","urlTemplate":"https:\/\/www.ok24.tv\/?s={search_term_string}"},"query-input":{"@type":"PropertyValueSpecification","valueRequired":true,"valueName":"search_term_string"}}],"inLanguage":"pl-PL"},{"@type":"Organization","@id":"https:\/\/www.ok24.tv\/#organization","name":"OK24","url":"https:\/\/www.ok24.tv\/","logo":{"@type":"ImageObject","inLanguage":"pl-PL","@id":"https:\/\/www.ok24.tv\/#\/schema\/logo\/image\/","url":"https:\/\/www.ok24.tv\/wp-content\/uploads\/2025\/07\/cropped-ok24.jpeg","contentUrl":"https:\/\/www.ok24.tv\/wp-content\/uploads\/2025\/07\/cropped-ok24.jpeg","width":512,"height":512,"caption":"OK24"},"image":{"@id":"https:\/\/www.ok24.tv\/#\/schema\/logo\/image\/"},"sameAs":["https:\/\/facebook.com\/ok24"]},{"@type":"Person","@id":"https:\/\/www.ok24.tv\/#\/schema\/person\/7ef4d0ebf32e12635d4da716474d2b0d","name":"admin","image":{"@type":"ImageObject","inLanguage":"pl-PL","@id":"https:\/\/secure.gravatar.com\/avatar\/0b1af8ca0037f7c45232a542d3be77a6b82f8c82ed62b6fc12b3d18de66c01df?s=96&d=mm&r=g","url":"https:\/\/secure.gravatar.com\/avatar\/0b1af8ca0037f7c45232a542d3be77a6b82f8c82ed62b6fc12b3d18de66c01df?s=96&d=mm&r=g","contentUrl":"https:\/\/secure.gravatar.com\/avatar\/0b1af8ca0037f7c45232a542d3be77a6b82f8c82ed62b6fc12b3d18de66c01df?s=96&d=mm&r=g","caption":"admin"},"sameAs":["https:\/\/www.ok24.tv"],"url":"https:\/\/www.ok24.tv\/index.php\/author\/admin\/"}]}},"_links":{"self":[{"href":"https:\/\/www.ok24.tv\/index.php\/wp-json\/wp\/v2\/posts\/23485","targetHints":{"allow":["GET"]}}],"collection":[{"href":"https:\/\/www.ok24.tv\/index.php\/wp-json\/wp\/v2\/posts"}],"about":[{"href":"https:\/\/www.ok24.tv\/index.php\/wp-json\/wp\/v2\/types\/post"}],"author":[{"embeddable":true,"href":"https:\/\/www.ok24.tv\/index.php\/wp-json\/wp\/v2\/users\/1"}],"replies":[{"embeddable":true,"href":"https:\/\/www.ok24.tv\/index.php\/wp-json\/wp\/v2\/comments?post=23485"}],"version-history":[{"count":1,"href":"https:\/\/www.ok24.tv\/index.php\/wp-json\/wp\/v2\/posts\/23485\/revisions"}],"predecessor-version":[{"id":23487,"href":"https:\/\/www.ok24.tv\/index.php\/wp-json\/wp\/v2\/posts\/23485\/revisions\/23487"}],"wp:featuredmedia":[{"embeddable":true,"href":"https:\/\/www.ok24.tv\/index.php\/wp-json\/wp\/v2\/media\/23486"}],"wp:attachment":[{"href":"https:\/\/www.ok24.tv\/index.php\/wp-json\/wp\/v2\/media?parent=23485"}],"wp:term":[{"taxonomy":"category","embeddable":true,"href":"https:\/\/www.ok24.tv\/index.php\/wp-json\/wp\/v2\/categories?post=23485"},{"taxonomy":"post_tag","embeddable":true,"href":"https:\/\/www.ok24.tv\/index.php\/wp-json\/wp\/v2\/tags?post=23485"}],"curies":[{"name":"wp","href":"https:\/\/api.w.org\/{rel}","templated":true}]}}