{"id":23480,"date":"2025-08-14T08:59:46","date_gmt":"2025-08-14T08:59:46","guid":{"rendered":"https:\/\/www.ok24.tv\/?p=23480"},"modified":"2025-08-14T09:15:19","modified_gmt":"2025-08-14T09:15:19","slug":"aktywny-maluch-spokojny-rodzic-to-tez-jest-kpo","status":"publish","type":"post","link":"https:\/\/www.ok24.tv\/index.php\/2025\/08\/14\/aktywny-maluch-spokojny-rodzic-to-tez-jest-kpo\/","title":{"rendered":"Aktywny maluch, spokojny rodzic &#8211; to te\u017c jest KPO!"},"content":{"rendered":"<p>Dost\u0119p do dobrej jako\u015bci opieki nad ma\u0142ym dzieckiem jest kluczowy dla wielu rodzic\u00f3w chc\u0105cych wr\u00f3ci\u0107 na rynek pracy po przerwie zwi\u0105zanej z wychowaniem dziecka. Dla Ministerstwa Rodziny, Pracy i Polityki Spo\u0142ecznej wsparcie rodzic\u00f3w w \u0142\u0105czeniu \u017cycia rodzinnego z prac\u0105 to priorytet. Do 2029 roku w ca\u0142ej Polsce powstanie ponad 102 tys. nowych miejsc w \u017c\u0142obkach i klubach dzieci\u0119cych &#8211; gwarantuje to program Aktywny Maluch.<\/p>\n<p><strong>Coraz wi\u0119cej miejsc w \u017c\u0142obkach<\/strong><br \/>\nW ci\u0105gu najbli\u017cszych kilku lat w ca\u0142ym kraju przyb\u0119dzie ponad 102 577 nowych miejsc opieki nad dzie\u0107mi do lat 3 \u2013 w \u017c\u0142obkach, klubach dzieci\u0119cych i u dziennych opiekun\u00f3w. Wszystko to dzi\u0119ki programowi Aktywny Maluch z rekordowym bud\u017cetem 6,5 mld z\u0142.<br \/>\n<strong>Na li\u015bcie beneficjent\u00f3w jest sporo wielkopolskich gmin. M.in. Jarocin, Krotoszyn, K\u0119pno czy Kalisz. <\/strong><br \/>\n\u015arodki na rozw\u00f3j sieci instytucji opieki nad najm\u0142odszymi dzie\u0107mi pochodz\u0105 z programu Fundusze Europejskie dla Rozwoju Spo\u0142ecznego (FERS), z Krajowego Planu Odbudowy i Odporno\u015bci (KPO) oraz bud\u017cetu pa\u0144stwa.<\/p>\n<p>Co wa\u017cne, pieni\u0105dze przeznaczone s\u0105 nie tylko na utworzenie, ale te\u017c na funkcjonowanie miejsc dla maluch\u00f3w.<\/p>\n","protected":false},"excerpt":{"rendered":"<p>Dost\u0119p do dobrej jako\u015bci opieki nad ma\u0142ym dzieckiem jest kluczowy dla wielu rodzic\u00f3w chc\u0105cych wr\u00f3ci\u0107 na rynek pracy po przerwie zwi\u0105zanej z wychowaniem dziecka. <\/p>\n","protected":false},"author":1,"featured_media":23481,"comment_status":"open","ping_status":"open","sticky":false,"template":"","format":"standard","meta":{"_acf_changed":false,"tdm_status":"","tdm_grid_status":"","footnotes":""},"categories":[4],"tags":[],"class_list":{"0":"post-23480","1":"post","2":"type-post","3":"status-publish","4":"format-standard","5":"has-post-thumbnail","7":"category-spoleczenstwo"},"acf":[],"yoast_head":"<!-- This site is optimized with the Yoast SEO plugin v27.5 - https:\/\/yoast.com\/product\/yoast-seo-wordpress\/ -->\n<title>Aktywny maluch, spokojny rodzic - to te\u017c jest KPO! - OK24<\/title>\n<meta name=\"description\" content=\"pieni\u0105dze przeznaczone s\u0105 nie tylko na utworzenie, ale te\u017c na funkcjonowanie miejsc dla maluch\u00f3w.\" \/>\n<meta name=\"robots\" content=\"index, follow, max-snippet:-1, max-image-preview:large, max-video-preview:-1\" \/>\n<link rel=\"canonical\" href=\"https:\/\/www.ok24.tv\/index.php\/2025\/08\/14\/aktywny-maluch-spokojny-rodzic-to-tez-jest-kpo\/\" \/>\n<meta property=\"og:locale\" content=\"pl_PL\" \/>\n<meta property=\"og:type\" content=\"article\" \/>\n<meta property=\"og:title\" content=\"Aktywny maluch, spokojny rodzic - to te\u017c jest KPO! - OK24\" \/>\n<meta property=\"og:description\" content=\"pieni\u0105dze przeznaczone s\u0105 nie tylko na utworzenie, ale te\u017c na funkcjonowanie miejsc dla maluch\u00f3w.\" \/>\n<meta property=\"og:url\" content=\"https:\/\/www.ok24.tv\/index.php\/2025\/08\/14\/aktywny-maluch-spokojny-rodzic-to-tez-jest-kpo\/\" \/>\n<meta property=\"og:site_name\" content=\"OK24\" \/>\n<meta property=\"article:publisher\" content=\"https:\/\/facebook.com\/ok24\" \/>\n<meta property=\"article:published_time\" content=\"2025-08-14T08:59:46+00:00\" \/>\n<meta property=\"article:modified_time\" content=\"2025-08-14T09:15:19+00:00\" \/>\n<meta property=\"og:image\" content=\"https:\/\/www.ok24.tv\/wp-content\/uploads\/2025\/08\/zlobek-1024x683.png\" \/>\n\t<meta property=\"og:image:width\" content=\"1024\" \/>\n\t<meta property=\"og:image:height\" content=\"683\" \/>\n\t<meta property=\"og:image:type\" content=\"image\/png\" \/>\n<meta name=\"author\" content=\"admin\" \/>\n<meta name=\"twitter:card\" content=\"summary_large_image\" \/>\n<meta name=\"twitter:label1\" content=\"Napisane przez\" \/>\n\t<meta name=\"twitter:data1\" content=\"admin\" \/>\n\t<meta name=\"twitter:label2\" content=\"Szacowany czas czytania\" \/>\n\t<meta name=\"twitter:data2\" content=\"2 minuty\" \/>\n<script type=\"application\/ld+json\" class=\"yoast-schema-graph\">{\"@context\":\"https:\\\/\\\/schema.org\",\"@graph\":[{\"@type\":\"Article\",\"@id\":\"https:\\\/\\\/www.ok24.tv\\\/index.php\\\/2025\\\/08\\\/14\\\/aktywny-maluch-spokojny-rodzic-to-tez-jest-kpo\\\/#article\",\"isPartOf\":{\"@id\":\"https:\\\/\\\/www.ok24.tv\\\/index.php\\\/2025\\\/08\\\/14\\\/aktywny-maluch-spokojny-rodzic-to-tez-jest-kpo\\\/\"},\"author\":{\"name\":\"admin\",\"@id\":\"https:\\\/\\\/www.ok24.tv\\\/#\\\/schema\\\/person\\\/7ef4d0ebf32e12635d4da716474d2b0d\"},\"headline\":\"Aktywny maluch, spokojny rodzic &#8211; to te\u017c jest KPO!\",\"datePublished\":\"2025-08-14T08:59:46+00:00\",\"dateModified\":\"2025-08-14T09:15:19+00:00\",\"mainEntityOfPage\":{\"@id\":\"https:\\\/\\\/www.ok24.tv\\\/index.php\\\/2025\\\/08\\\/14\\\/aktywny-maluch-spokojny-rodzic-to-tez-jest-kpo\\\/\"},\"wordCount\":204,\"commentCount\":0,\"publisher\":{\"@id\":\"https:\\\/\\\/www.ok24.tv\\\/#organization\"},\"image\":{\"@id\":\"https:\\\/\\\/www.ok24.tv\\\/index.php\\\/2025\\\/08\\\/14\\\/aktywny-maluch-spokojny-rodzic-to-tez-jest-kpo\\\/#primaryimage\"},\"thumbnailUrl\":\"https:\\\/\\\/www.ok24.tv\\\/wp-content\\\/uploads\\\/2025\\\/08\\\/zlobek.png\",\"articleSection\":[\"Spo\u0142ecze\u0144stwo\"],\"inLanguage\":\"pl-PL\",\"potentialAction\":[{\"@type\":\"CommentAction\",\"name\":\"Comment\",\"target\":[\"https:\\\/\\\/www.ok24.tv\\\/index.php\\\/2025\\\/08\\\/14\\\/aktywny-maluch-spokojny-rodzic-to-tez-jest-kpo\\\/#respond\"]}]},{\"@type\":\"WebPage\",\"@id\":\"https:\\\/\\\/www.ok24.tv\\\/index.php\\\/2025\\\/08\\\/14\\\/aktywny-maluch-spokojny-rodzic-to-tez-jest-kpo\\\/\",\"url\":\"https:\\\/\\\/www.ok24.tv\\\/index.php\\\/2025\\\/08\\\/14\\\/aktywny-maluch-spokojny-rodzic-to-tez-jest-kpo\\\/\",\"name\":\"Aktywny maluch, spokojny rodzic - to te\u017c jest KPO! - OK24\",\"isPartOf\":{\"@id\":\"https:\\\/\\\/www.ok24.tv\\\/#website\"},\"primaryImageOfPage\":{\"@id\":\"https:\\\/\\\/www.ok24.tv\\\/index.php\\\/2025\\\/08\\\/14\\\/aktywny-maluch-spokojny-rodzic-to-tez-jest-kpo\\\/#primaryimage\"},\"image\":{\"@id\":\"https:\\\/\\\/www.ok24.tv\\\/index.php\\\/2025\\\/08\\\/14\\\/aktywny-maluch-spokojny-rodzic-to-tez-jest-kpo\\\/#primaryimage\"},\"thumbnailUrl\":\"https:\\\/\\\/www.ok24.tv\\\/wp-content\\\/uploads\\\/2025\\\/08\\\/zlobek.png\",\"datePublished\":\"2025-08-14T08:59:46+00:00\",\"dateModified\":\"2025-08-14T09:15:19+00:00\",\"description\":\"pieni\u0105dze przeznaczone s\u0105 nie tylko na utworzenie, ale te\u017c na funkcjonowanie miejsc dla maluch\u00f3w.\",\"breadcrumb\":{\"@id\":\"https:\\\/\\\/www.ok24.tv\\\/index.php\\\/2025\\\/08\\\/14\\\/aktywny-maluch-spokojny-rodzic-to-tez-jest-kpo\\\/#breadcrumb\"},\"inLanguage\":\"pl-PL\",\"potentialAction\":[{\"@type\":\"ReadAction\",\"target\":[\"https:\\\/\\\/www.ok24.tv\\\/index.php\\\/2025\\\/08\\\/14\\\/aktywny-maluch-spokojny-rodzic-to-tez-jest-kpo\\\/\"]}]},{\"@type\":\"ImageObject\",\"inLanguage\":\"pl-PL\",\"@id\":\"https:\\\/\\\/www.ok24.tv\\\/index.php\\\/2025\\\/08\\\/14\\\/aktywny-maluch-spokojny-rodzic-to-tez-jest-kpo\\\/#primaryimage\",\"url\":\"https:\\\/\\\/www.ok24.tv\\\/wp-content\\\/uploads\\\/2025\\\/08\\\/zlobek.png\",\"contentUrl\":\"https:\\\/\\\/www.ok24.tv\\\/wp-content\\\/uploads\\\/2025\\\/08\\\/zlobek.png\",\"width\":1536,\"height\":1024},{\"@type\":\"BreadcrumbList\",\"@id\":\"https:\\\/\\\/www.ok24.tv\\\/index.php\\\/2025\\\/08\\\/14\\\/aktywny-maluch-spokojny-rodzic-to-tez-jest-kpo\\\/#breadcrumb\",\"itemListElement\":[{\"@type\":\"ListItem\",\"position\":1,\"name\":\"Strona g\u0142\u00f3wna\",\"item\":\"https:\\\/\\\/www.ok24.tv\\\/\"},{\"@type\":\"ListItem\",\"position\":2,\"name\":\"Aktywny maluch, spokojny rodzic &#8211; to te\u017c jest KPO!\"}]},{\"@type\":\"WebSite\",\"@id\":\"https:\\\/\\\/www.ok24.tv\\\/#website\",\"url\":\"https:\\\/\\\/www.ok24.tv\\\/\",\"name\":\"OK24\",\"description\":\"Portal agomeracyjny\",\"publisher\":{\"@id\":\"https:\\\/\\\/www.ok24.tv\\\/#organization\"},\"potentialAction\":[{\"@type\":\"SearchAction\",\"target\":{\"@type\":\"EntryPoint\",\"urlTemplate\":\"https:\\\/\\\/www.ok24.tv\\\/?s={search_term_string}\"},\"query-input\":{\"@type\":\"PropertyValueSpecification\",\"valueRequired\":true,\"valueName\":\"search_term_string\"}}],\"inLanguage\":\"pl-PL\"},{\"@type\":\"Organization\",\"@id\":\"https:\\\/\\\/www.ok24.tv\\\/#organization\",\"name\":\"OK24\",\"url\":\"https:\\\/\\\/www.ok24.tv\\\/\",\"logo\":{\"@type\":\"ImageObject\",\"inLanguage\":\"pl-PL\",\"@id\":\"https:\\\/\\\/www.ok24.tv\\\/#\\\/schema\\\/logo\\\/image\\\/\",\"url\":\"https:\\\/\\\/www.ok24.tv\\\/wp-content\\\/uploads\\\/2025\\\/07\\\/cropped-ok24.jpeg\",\"contentUrl\":\"https:\\\/\\\/www.ok24.tv\\\/wp-content\\\/uploads\\\/2025\\\/07\\\/cropped-ok24.jpeg\",\"width\":512,\"height\":512,\"caption\":\"OK24\"},\"image\":{\"@id\":\"https:\\\/\\\/www.ok24.tv\\\/#\\\/schema\\\/logo\\\/image\\\/\"},\"sameAs\":[\"https:\\\/\\\/facebook.com\\\/ok24\"]},{\"@type\":\"Person\",\"@id\":\"https:\\\/\\\/www.ok24.tv\\\/#\\\/schema\\\/person\\\/7ef4d0ebf32e12635d4da716474d2b0d\",\"name\":\"admin\",\"image\":{\"@type\":\"ImageObject\",\"inLanguage\":\"pl-PL\",\"@id\":\"https:\\\/\\\/secure.gravatar.com\\\/avatar\\\/0b1af8ca0037f7c45232a542d3be77a6b82f8c82ed62b6fc12b3d18de66c01df?s=96&d=mm&r=g\",\"url\":\"https:\\\/\\\/secure.gravatar.com\\\/avatar\\\/0b1af8ca0037f7c45232a542d3be77a6b82f8c82ed62b6fc12b3d18de66c01df?s=96&d=mm&r=g\",\"contentUrl\":\"https:\\\/\\\/secure.gravatar.com\\\/avatar\\\/0b1af8ca0037f7c45232a542d3be77a6b82f8c82ed62b6fc12b3d18de66c01df?s=96&d=mm&r=g\",\"caption\":\"admin\"},\"sameAs\":[\"https:\\\/\\\/www.ok24.tv\"],\"url\":\"https:\\\/\\\/www.ok24.tv\\\/index.php\\\/author\\\/admin\\\/\"}]}<\/script>\n<!-- \/ Yoast SEO plugin. -->","yoast_head_json":{"title":"Aktywny maluch, spokojny rodzic - to te\u017c jest KPO! - OK24","description":"pieni\u0105dze przeznaczone s\u0105 nie tylko na utworzenie, ale te\u017c na funkcjonowanie miejsc dla maluch\u00f3w.","robots":{"index":"index","follow":"follow","max-snippet":"max-snippet:-1","max-image-preview":"max-image-preview:large","max-video-preview":"max-video-preview:-1"},"canonical":"https:\/\/www.ok24.tv\/index.php\/2025\/08\/14\/aktywny-maluch-spokojny-rodzic-to-tez-jest-kpo\/","og_locale":"pl_PL","og_type":"article","og_title":"Aktywny maluch, spokojny rodzic - to te\u017c jest KPO! - OK24","og_description":"pieni\u0105dze przeznaczone s\u0105 nie tylko na utworzenie, ale te\u017c na funkcjonowanie miejsc dla maluch\u00f3w.","og_url":"https:\/\/www.ok24.tv\/index.php\/2025\/08\/14\/aktywny-maluch-spokojny-rodzic-to-tez-jest-kpo\/","og_site_name":"OK24","article_publisher":"https:\/\/facebook.com\/ok24","article_published_time":"2025-08-14T08:59:46+00:00","article_modified_time":"2025-08-14T09:15:19+00:00","og_image":[{"width":1024,"height":683,"url":"https:\/\/www.ok24.tv\/wp-content\/uploads\/2025\/08\/zlobek-1024x683.png","type":"image\/png"}],"author":"admin","twitter_card":"summary_large_image","twitter_misc":{"Napisane przez":"admin","Szacowany czas czytania":"2 minuty"},"schema":{"@context":"https:\/\/schema.org","@graph":[{"@type":"Article","@id":"https:\/\/www.ok24.tv\/index.php\/2025\/08\/14\/aktywny-maluch-spokojny-rodzic-to-tez-jest-kpo\/#article","isPartOf":{"@id":"https:\/\/www.ok24.tv\/index.php\/2025\/08\/14\/aktywny-maluch-spokojny-rodzic-to-tez-jest-kpo\/"},"author":{"name":"admin","@id":"https:\/\/www.ok24.tv\/#\/schema\/person\/7ef4d0ebf32e12635d4da716474d2b0d"},"headline":"Aktywny maluch, spokojny rodzic &#8211; to te\u017c jest KPO!","datePublished":"2025-08-14T08:59:46+00:00","dateModified":"2025-08-14T09:15:19+00:00","mainEntityOfPage":{"@id":"https:\/\/www.ok24.tv\/index.php\/2025\/08\/14\/aktywny-maluch-spokojny-rodzic-to-tez-jest-kpo\/"},"wordCount":204,"commentCount":0,"publisher":{"@id":"https:\/\/www.ok24.tv\/#organization"},"image":{"@id":"https:\/\/www.ok24.tv\/index.php\/2025\/08\/14\/aktywny-maluch-spokojny-rodzic-to-tez-jest-kpo\/#primaryimage"},"thumbnailUrl":"https:\/\/www.ok24.tv\/wp-content\/uploads\/2025\/08\/zlobek.png","articleSection":["Spo\u0142ecze\u0144stwo"],"inLanguage":"pl-PL","potentialAction":[{"@type":"CommentAction","name":"Comment","target":["https:\/\/www.ok24.tv\/index.php\/2025\/08\/14\/aktywny-maluch-spokojny-rodzic-to-tez-jest-kpo\/#respond"]}]},{"@type":"WebPage","@id":"https:\/\/www.ok24.tv\/index.php\/2025\/08\/14\/aktywny-maluch-spokojny-rodzic-to-tez-jest-kpo\/","url":"https:\/\/www.ok24.tv\/index.php\/2025\/08\/14\/aktywny-maluch-spokojny-rodzic-to-tez-jest-kpo\/","name":"Aktywny maluch, spokojny rodzic - to te\u017c jest KPO! - OK24","isPartOf":{"@id":"https:\/\/www.ok24.tv\/#website"},"primaryImageOfPage":{"@id":"https:\/\/www.ok24.tv\/index.php\/2025\/08\/14\/aktywny-maluch-spokojny-rodzic-to-tez-jest-kpo\/#primaryimage"},"image":{"@id":"https:\/\/www.ok24.tv\/index.php\/2025\/08\/14\/aktywny-maluch-spokojny-rodzic-to-tez-jest-kpo\/#primaryimage"},"thumbnailUrl":"https:\/\/www.ok24.tv\/wp-content\/uploads\/2025\/08\/zlobek.png","datePublished":"2025-08-14T08:59:46+00:00","dateModified":"2025-08-14T09:15:19+00:00","description":"pieni\u0105dze przeznaczone s\u0105 nie tylko na utworzenie, ale te\u017c na funkcjonowanie miejsc dla maluch\u00f3w.","breadcrumb":{"@id":"https:\/\/www.ok24.tv\/index.php\/2025\/08\/14\/aktywny-maluch-spokojny-rodzic-to-tez-jest-kpo\/#breadcrumb"},"inLanguage":"pl-PL","potentialAction":[{"@type":"ReadAction","target":["https:\/\/www.ok24.tv\/index.php\/2025\/08\/14\/aktywny-maluch-spokojny-rodzic-to-tez-jest-kpo\/"]}]},{"@type":"ImageObject","inLanguage":"pl-PL","@id":"https:\/\/www.ok24.tv\/index.php\/2025\/08\/14\/aktywny-maluch-spokojny-rodzic-to-tez-jest-kpo\/#primaryimage","url":"https:\/\/www.ok24.tv\/wp-content\/uploads\/2025\/08\/zlobek.png","contentUrl":"https:\/\/www.ok24.tv\/wp-content\/uploads\/2025\/08\/zlobek.png","width":1536,"height":1024},{"@type":"BreadcrumbList","@id":"https:\/\/www.ok24.tv\/index.php\/2025\/08\/14\/aktywny-maluch-spokojny-rodzic-to-tez-jest-kpo\/#breadcrumb","itemListElement":[{"@type":"ListItem","position":1,"name":"Strona g\u0142\u00f3wna","item":"https:\/\/www.ok24.tv\/"},{"@type":"ListItem","position":2,"name":"Aktywny maluch, spokojny rodzic &#8211; to te\u017c jest KPO!"}]},{"@type":"WebSite","@id":"https:\/\/www.ok24.tv\/#website","url":"https:\/\/www.ok24.tv\/","name":"OK24","description":"Portal agomeracyjny","publisher":{"@id":"https:\/\/www.ok24.tv\/#organization"},"potentialAction":[{"@type":"SearchAction","target":{"@type":"EntryPoint","urlTemplate":"https:\/\/www.ok24.tv\/?s={search_term_string}"},"query-input":{"@type":"PropertyValueSpecification","valueRequired":true,"valueName":"search_term_string"}}],"inLanguage":"pl-PL"},{"@type":"Organization","@id":"https:\/\/www.ok24.tv\/#organization","name":"OK24","url":"https:\/\/www.ok24.tv\/","logo":{"@type":"ImageObject","inLanguage":"pl-PL","@id":"https:\/\/www.ok24.tv\/#\/schema\/logo\/image\/","url":"https:\/\/www.ok24.tv\/wp-content\/uploads\/2025\/07\/cropped-ok24.jpeg","contentUrl":"https:\/\/www.ok24.tv\/wp-content\/uploads\/2025\/07\/cropped-ok24.jpeg","width":512,"height":512,"caption":"OK24"},"image":{"@id":"https:\/\/www.ok24.tv\/#\/schema\/logo\/image\/"},"sameAs":["https:\/\/facebook.com\/ok24"]},{"@type":"Person","@id":"https:\/\/www.ok24.tv\/#\/schema\/person\/7ef4d0ebf32e12635d4da716474d2b0d","name":"admin","image":{"@type":"ImageObject","inLanguage":"pl-PL","@id":"https:\/\/secure.gravatar.com\/avatar\/0b1af8ca0037f7c45232a542d3be77a6b82f8c82ed62b6fc12b3d18de66c01df?s=96&d=mm&r=g","url":"https:\/\/secure.gravatar.com\/avatar\/0b1af8ca0037f7c45232a542d3be77a6b82f8c82ed62b6fc12b3d18de66c01df?s=96&d=mm&r=g","contentUrl":"https:\/\/secure.gravatar.com\/avatar\/0b1af8ca0037f7c45232a542d3be77a6b82f8c82ed62b6fc12b3d18de66c01df?s=96&d=mm&r=g","caption":"admin"},"sameAs":["https:\/\/www.ok24.tv"],"url":"https:\/\/www.ok24.tv\/index.php\/author\/admin\/"}]}},"_links":{"self":[{"href":"https:\/\/www.ok24.tv\/index.php\/wp-json\/wp\/v2\/posts\/23480","targetHints":{"allow":["GET"]}}],"collection":[{"href":"https:\/\/www.ok24.tv\/index.php\/wp-json\/wp\/v2\/posts"}],"about":[{"href":"https:\/\/www.ok24.tv\/index.php\/wp-json\/wp\/v2\/types\/post"}],"author":[{"embeddable":true,"href":"https:\/\/www.ok24.tv\/index.php\/wp-json\/wp\/v2\/users\/1"}],"replies":[{"embeddable":true,"href":"https:\/\/www.ok24.tv\/index.php\/wp-json\/wp\/v2\/comments?post=23480"}],"version-history":[{"count":3,"href":"https:\/\/www.ok24.tv\/index.php\/wp-json\/wp\/v2\/posts\/23480\/revisions"}],"predecessor-version":[{"id":23484,"href":"https:\/\/www.ok24.tv\/index.php\/wp-json\/wp\/v2\/posts\/23480\/revisions\/23484"}],"wp:featuredmedia":[{"embeddable":true,"href":"https:\/\/www.ok24.tv\/index.php\/wp-json\/wp\/v2\/media\/23481"}],"wp:attachment":[{"href":"https:\/\/www.ok24.tv\/index.php\/wp-json\/wp\/v2\/media?parent=23480"}],"wp:term":[{"taxonomy":"category","embeddable":true,"href":"https:\/\/www.ok24.tv\/index.php\/wp-json\/wp\/v2\/categories?post=23480"},{"taxonomy":"post_tag","embeddable":true,"href":"https:\/\/www.ok24.tv\/index.php\/wp-json\/wp\/v2\/tags?post=23480"}],"curies":[{"name":"wp","href":"https:\/\/api.w.org\/{rel}","templated":true}]}}