{"id":23213,"date":"2025-06-17T09:53:44","date_gmt":"2025-06-17T07:53:44","guid":{"rendered":"https:\/\/ok24.tv\/?p=23213"},"modified":"2025-06-17T09:53:44","modified_gmt":"2025-06-17T07:53:44","slug":"obywatelsko-zlapany-pijak-za-kolkiem","status":"publish","type":"post","link":"https:\/\/www.ok24.tv\/index.php\/2025\/06\/17\/obywatelsko-zlapany-pijak-za-kolkiem\/","title":{"rendered":"Obywatelsko z\u0142apany pijak za k\u00f3\u0142kiem"},"content":{"rendered":"<p>**<\/p>\n<p>Coraz wi\u0119cej os\u00f3b nie pozostaje oboj\u0119tnych na przypadki jazdy po alkoholu. Dzi\u0119ki odpowiedzialnej postawie \u015bwiadka, na jednej z ulic Ostrowa Wielkopolskiego uda\u0142o si\u0119 zatrzyma\u0107 nietrze\u017awego kierowc\u0119, kt\u00f3ry mia\u0142 blisko 2,6 promila alkoholu w organizmie.<\/p>\n<p>Do zdarzenia dosz\u0142o **15 czerwca 2025 roku oko\u0142o godziny 11:00**. Oficer dy\u017curny Komendy Powiatowej Policji w Ostrowie Wielkopolskim otrzyma\u0142 zg\u0142oszenie o podejrzeniu jazdy pod wp\u0142ywem alkoholu. Zaniepokojony \u015bwiadek zauwa\u017cy\u0142, \u017ce kierowca samochodu osobowego marki Fiat porusza si\u0119 w spos\u00f3b zagra\u017caj\u0105cy innym uczestnikom ruchu \u2013 jecha\u0142 dwoma pasami i zje\u017cd\u017ca\u0142 na pobocze.<\/p>\n<p>Dzi\u0119ki szybkiej reakcji, na miejsce natychmiast skierowano patrol Policji. Funkcjonariusze zatrzymali pojazd i przeprowadzili kontrol\u0119 trze\u017awo\u015bci 65-letniego mieszka\u0144ca powiatu ostrowskiego. Wynik badania nie pozostawi\u0142 w\u0105tpliwo\u015bci \u2013 kierowca mia\u0142 blisko **2,6 promila alkoholu** we krwi. Jazda w takim stanie mog\u0142a doprowadzi\u0107 do powa\u017cnego wypadku.<\/p>\n<p>M\u0119\u017cczyzna odpowie teraz przed s\u0105dem.<\/p>\n<p>**Policja dzi\u0119kuje za obywatelsk\u0105 postaw\u0119** i przypomina: ka\u017cda reakcja ma znaczenie. Zg\u0142oszenie przypadku jazdy pod wp\u0142ywem alkoholu \u2013 nawet anonimowe \u2013 mo\u017ce zapobiec tragedii i uratowa\u0107 ludzkie \u017cycie.<\/p>\n","protected":false},"excerpt":{"rendered":"<p>Nietrze\u017awy kierowca zatrzymany dzi\u0119ki reakcji \u015bwiadka \u2013 blisko 2,6 promila alkoholu we krwi<\/p>\n","protected":false},"author":1,"featured_media":577,"comment_status":"closed","ping_status":"open","sticky":false,"template":"","format":"standard","meta":{"_acf_changed":false,"tdm_status":"","tdm_grid_status":"","footnotes":""},"categories":[3],"tags":[],"class_list":{"0":"post-23213","1":"post","2":"type-post","3":"status-publish","4":"format-standard","5":"has-post-thumbnail","7":"category-kryminalki"},"acf":[],"yoast_head":"<!-- This site is optimized with the Yoast SEO plugin v27.4 - https:\/\/yoast.com\/product\/yoast-seo-wordpress\/ -->\n<title>Obywatelsko z\u0142apany pijak za k\u00f3\u0142kiem - OK24<\/title>\n<meta name=\"description\" content=\"Nietrze\u017awy kierowca zatrzymany dzi\u0119ki reakcji \u015bwiadka \u2013 blisko 2,6 promila alkoholu we krwi\" \/>\n<meta name=\"robots\" content=\"index, follow, max-snippet:-1, max-image-preview:large, max-video-preview:-1\" \/>\n<link rel=\"canonical\" href=\"https:\/\/www.ok24.tv\/index.php\/2025\/06\/17\/obywatelsko-zlapany-pijak-za-kolkiem\/\" \/>\n<meta property=\"og:locale\" content=\"pl_PL\" \/>\n<meta property=\"og:type\" content=\"article\" \/>\n<meta property=\"og:title\" content=\"Obywatelsko z\u0142apany pijak za k\u00f3\u0142kiem - OK24\" \/>\n<meta property=\"og:description\" content=\"Nietrze\u017awy kierowca zatrzymany dzi\u0119ki reakcji \u015bwiadka \u2013 blisko 2,6 promila alkoholu we krwi\" \/>\n<meta property=\"og:url\" content=\"https:\/\/www.ok24.tv\/index.php\/2025\/06\/17\/obywatelsko-zlapany-pijak-za-kolkiem\/\" \/>\n<meta property=\"og:site_name\" content=\"OK24\" \/>\n<meta property=\"article:publisher\" content=\"https:\/\/facebook.com\/ok24\" \/>\n<meta property=\"article:published_time\" content=\"2025-06-17T07:53:44+00:00\" \/>\n<meta name=\"author\" content=\"admin\" \/>\n<meta name=\"twitter:card\" content=\"summary_large_image\" \/>\n<meta name=\"twitter:label1\" content=\"Napisane przez\" \/>\n\t<meta name=\"twitter:data1\" content=\"admin\" \/>\n<script type=\"application\/ld+json\" class=\"yoast-schema-graph\">{\"@context\":\"https:\\\/\\\/schema.org\",\"@graph\":[{\"@type\":\"Article\",\"@id\":\"https:\\\/\\\/www.ok24.tv\\\/index.php\\\/2025\\\/06\\\/17\\\/obywatelsko-zlapany-pijak-za-kolkiem\\\/#article\",\"isPartOf\":{\"@id\":\"https:\\\/\\\/www.ok24.tv\\\/index.php\\\/2025\\\/06\\\/17\\\/obywatelsko-zlapany-pijak-za-kolkiem\\\/\"},\"author\":{\"name\":\"admin\",\"@id\":\"https:\\\/\\\/www.ok24.tv\\\/#\\\/schema\\\/person\\\/7ef4d0ebf32e12635d4da716474d2b0d\"},\"headline\":\"Obywatelsko z\u0142apany pijak za k\u00f3\u0142kiem\",\"datePublished\":\"2025-06-17T07:53:44+00:00\",\"mainEntityOfPage\":{\"@id\":\"https:\\\/\\\/www.ok24.tv\\\/index.php\\\/2025\\\/06\\\/17\\\/obywatelsko-zlapany-pijak-za-kolkiem\\\/\"},\"wordCount\":192,\"publisher\":{\"@id\":\"https:\\\/\\\/www.ok24.tv\\\/#organization\"},\"image\":{\"@id\":\"https:\\\/\\\/www.ok24.tv\\\/index.php\\\/2025\\\/06\\\/17\\\/obywatelsko-zlapany-pijak-za-kolkiem\\\/#primaryimage\"},\"thumbnailUrl\":\"\",\"articleSection\":[\"Krymina\u0142ki\"],\"inLanguage\":\"pl-PL\"},{\"@type\":\"WebPage\",\"@id\":\"https:\\\/\\\/www.ok24.tv\\\/index.php\\\/2025\\\/06\\\/17\\\/obywatelsko-zlapany-pijak-za-kolkiem\\\/\",\"url\":\"https:\\\/\\\/www.ok24.tv\\\/index.php\\\/2025\\\/06\\\/17\\\/obywatelsko-zlapany-pijak-za-kolkiem\\\/\",\"name\":\"Obywatelsko z\u0142apany pijak za k\u00f3\u0142kiem - OK24\",\"isPartOf\":{\"@id\":\"https:\\\/\\\/www.ok24.tv\\\/#website\"},\"primaryImageOfPage\":{\"@id\":\"https:\\\/\\\/www.ok24.tv\\\/index.php\\\/2025\\\/06\\\/17\\\/obywatelsko-zlapany-pijak-za-kolkiem\\\/#primaryimage\"},\"image\":{\"@id\":\"https:\\\/\\\/www.ok24.tv\\\/index.php\\\/2025\\\/06\\\/17\\\/obywatelsko-zlapany-pijak-za-kolkiem\\\/#primaryimage\"},\"thumbnailUrl\":\"\",\"datePublished\":\"2025-06-17T07:53:44+00:00\",\"description\":\"Nietrze\u017awy kierowca zatrzymany dzi\u0119ki reakcji \u015bwiadka \u2013 blisko 2,6 promila alkoholu we krwi\",\"breadcrumb\":{\"@id\":\"https:\\\/\\\/www.ok24.tv\\\/index.php\\\/2025\\\/06\\\/17\\\/obywatelsko-zlapany-pijak-za-kolkiem\\\/#breadcrumb\"},\"inLanguage\":\"pl-PL\",\"potentialAction\":[{\"@type\":\"ReadAction\",\"target\":[\"https:\\\/\\\/www.ok24.tv\\\/index.php\\\/2025\\\/06\\\/17\\\/obywatelsko-zlapany-pijak-za-kolkiem\\\/\"]}]},{\"@type\":\"ImageObject\",\"inLanguage\":\"pl-PL\",\"@id\":\"https:\\\/\\\/www.ok24.tv\\\/index.php\\\/2025\\\/06\\\/17\\\/obywatelsko-zlapany-pijak-za-kolkiem\\\/#primaryimage\",\"url\":\"\",\"contentUrl\":\"\"},{\"@type\":\"BreadcrumbList\",\"@id\":\"https:\\\/\\\/www.ok24.tv\\\/index.php\\\/2025\\\/06\\\/17\\\/obywatelsko-zlapany-pijak-za-kolkiem\\\/#breadcrumb\",\"itemListElement\":[{\"@type\":\"ListItem\",\"position\":1,\"name\":\"Strona g\u0142\u00f3wna\",\"item\":\"https:\\\/\\\/www.ok24.tv\\\/\"},{\"@type\":\"ListItem\",\"position\":2,\"name\":\"Obywatelsko z\u0142apany pijak za k\u00f3\u0142kiem\"}]},{\"@type\":\"WebSite\",\"@id\":\"https:\\\/\\\/www.ok24.tv\\\/#website\",\"url\":\"https:\\\/\\\/www.ok24.tv\\\/\",\"name\":\"OK24\",\"description\":\"Portal agomeracyjny\",\"publisher\":{\"@id\":\"https:\\\/\\\/www.ok24.tv\\\/#organization\"},\"potentialAction\":[{\"@type\":\"SearchAction\",\"target\":{\"@type\":\"EntryPoint\",\"urlTemplate\":\"https:\\\/\\\/www.ok24.tv\\\/?s={search_term_string}\"},\"query-input\":{\"@type\":\"PropertyValueSpecification\",\"valueRequired\":true,\"valueName\":\"search_term_string\"}}],\"inLanguage\":\"pl-PL\"},{\"@type\":\"Organization\",\"@id\":\"https:\\\/\\\/www.ok24.tv\\\/#organization\",\"name\":\"OK24\",\"url\":\"https:\\\/\\\/www.ok24.tv\\\/\",\"logo\":{\"@type\":\"ImageObject\",\"inLanguage\":\"pl-PL\",\"@id\":\"https:\\\/\\\/www.ok24.tv\\\/#\\\/schema\\\/logo\\\/image\\\/\",\"url\":\"https:\\\/\\\/www.ok24.tv\\\/wp-content\\\/uploads\\\/2025\\\/07\\\/cropped-ok24.jpeg\",\"contentUrl\":\"https:\\\/\\\/www.ok24.tv\\\/wp-content\\\/uploads\\\/2025\\\/07\\\/cropped-ok24.jpeg\",\"width\":512,\"height\":512,\"caption\":\"OK24\"},\"image\":{\"@id\":\"https:\\\/\\\/www.ok24.tv\\\/#\\\/schema\\\/logo\\\/image\\\/\"},\"sameAs\":[\"https:\\\/\\\/facebook.com\\\/ok24\"]},{\"@type\":\"Person\",\"@id\":\"https:\\\/\\\/www.ok24.tv\\\/#\\\/schema\\\/person\\\/7ef4d0ebf32e12635d4da716474d2b0d\",\"name\":\"admin\",\"image\":{\"@type\":\"ImageObject\",\"inLanguage\":\"pl-PL\",\"@id\":\"https:\\\/\\\/secure.gravatar.com\\\/avatar\\\/0b1af8ca0037f7c45232a542d3be77a6b82f8c82ed62b6fc12b3d18de66c01df?s=96&d=mm&r=g\",\"url\":\"https:\\\/\\\/secure.gravatar.com\\\/avatar\\\/0b1af8ca0037f7c45232a542d3be77a6b82f8c82ed62b6fc12b3d18de66c01df?s=96&d=mm&r=g\",\"contentUrl\":\"https:\\\/\\\/secure.gravatar.com\\\/avatar\\\/0b1af8ca0037f7c45232a542d3be77a6b82f8c82ed62b6fc12b3d18de66c01df?s=96&d=mm&r=g\",\"caption\":\"admin\"},\"sameAs\":[\"https:\\\/\\\/www.ok24.tv\"],\"url\":\"https:\\\/\\\/www.ok24.tv\\\/index.php\\\/author\\\/admin\\\/\"}]}<\/script>\n<!-- \/ Yoast SEO plugin. -->","yoast_head_json":{"title":"Obywatelsko z\u0142apany pijak za k\u00f3\u0142kiem - OK24","description":"Nietrze\u017awy kierowca zatrzymany dzi\u0119ki reakcji \u015bwiadka \u2013 blisko 2,6 promila alkoholu we krwi","robots":{"index":"index","follow":"follow","max-snippet":"max-snippet:-1","max-image-preview":"max-image-preview:large","max-video-preview":"max-video-preview:-1"},"canonical":"https:\/\/www.ok24.tv\/index.php\/2025\/06\/17\/obywatelsko-zlapany-pijak-za-kolkiem\/","og_locale":"pl_PL","og_type":"article","og_title":"Obywatelsko z\u0142apany pijak za k\u00f3\u0142kiem - OK24","og_description":"Nietrze\u017awy kierowca zatrzymany dzi\u0119ki reakcji \u015bwiadka \u2013 blisko 2,6 promila alkoholu we krwi","og_url":"https:\/\/www.ok24.tv\/index.php\/2025\/06\/17\/obywatelsko-zlapany-pijak-za-kolkiem\/","og_site_name":"OK24","article_publisher":"https:\/\/facebook.com\/ok24","article_published_time":"2025-06-17T07:53:44+00:00","author":"admin","twitter_card":"summary_large_image","twitter_misc":{"Napisane przez":"admin"},"schema":{"@context":"https:\/\/schema.org","@graph":[{"@type":"Article","@id":"https:\/\/www.ok24.tv\/index.php\/2025\/06\/17\/obywatelsko-zlapany-pijak-za-kolkiem\/#article","isPartOf":{"@id":"https:\/\/www.ok24.tv\/index.php\/2025\/06\/17\/obywatelsko-zlapany-pijak-za-kolkiem\/"},"author":{"name":"admin","@id":"https:\/\/www.ok24.tv\/#\/schema\/person\/7ef4d0ebf32e12635d4da716474d2b0d"},"headline":"Obywatelsko z\u0142apany pijak za k\u00f3\u0142kiem","datePublished":"2025-06-17T07:53:44+00:00","mainEntityOfPage":{"@id":"https:\/\/www.ok24.tv\/index.php\/2025\/06\/17\/obywatelsko-zlapany-pijak-za-kolkiem\/"},"wordCount":192,"publisher":{"@id":"https:\/\/www.ok24.tv\/#organization"},"image":{"@id":"https:\/\/www.ok24.tv\/index.php\/2025\/06\/17\/obywatelsko-zlapany-pijak-za-kolkiem\/#primaryimage"},"thumbnailUrl":"","articleSection":["Krymina\u0142ki"],"inLanguage":"pl-PL"},{"@type":"WebPage","@id":"https:\/\/www.ok24.tv\/index.php\/2025\/06\/17\/obywatelsko-zlapany-pijak-za-kolkiem\/","url":"https:\/\/www.ok24.tv\/index.php\/2025\/06\/17\/obywatelsko-zlapany-pijak-za-kolkiem\/","name":"Obywatelsko z\u0142apany pijak za k\u00f3\u0142kiem - OK24","isPartOf":{"@id":"https:\/\/www.ok24.tv\/#website"},"primaryImageOfPage":{"@id":"https:\/\/www.ok24.tv\/index.php\/2025\/06\/17\/obywatelsko-zlapany-pijak-za-kolkiem\/#primaryimage"},"image":{"@id":"https:\/\/www.ok24.tv\/index.php\/2025\/06\/17\/obywatelsko-zlapany-pijak-za-kolkiem\/#primaryimage"},"thumbnailUrl":"","datePublished":"2025-06-17T07:53:44+00:00","description":"Nietrze\u017awy kierowca zatrzymany dzi\u0119ki reakcji \u015bwiadka \u2013 blisko 2,6 promila alkoholu we krwi","breadcrumb":{"@id":"https:\/\/www.ok24.tv\/index.php\/2025\/06\/17\/obywatelsko-zlapany-pijak-za-kolkiem\/#breadcrumb"},"inLanguage":"pl-PL","potentialAction":[{"@type":"ReadAction","target":["https:\/\/www.ok24.tv\/index.php\/2025\/06\/17\/obywatelsko-zlapany-pijak-za-kolkiem\/"]}]},{"@type":"ImageObject","inLanguage":"pl-PL","@id":"https:\/\/www.ok24.tv\/index.php\/2025\/06\/17\/obywatelsko-zlapany-pijak-za-kolkiem\/#primaryimage","url":"","contentUrl":""},{"@type":"BreadcrumbList","@id":"https:\/\/www.ok24.tv\/index.php\/2025\/06\/17\/obywatelsko-zlapany-pijak-za-kolkiem\/#breadcrumb","itemListElement":[{"@type":"ListItem","position":1,"name":"Strona g\u0142\u00f3wna","item":"https:\/\/www.ok24.tv\/"},{"@type":"ListItem","position":2,"name":"Obywatelsko z\u0142apany pijak za k\u00f3\u0142kiem"}]},{"@type":"WebSite","@id":"https:\/\/www.ok24.tv\/#website","url":"https:\/\/www.ok24.tv\/","name":"OK24","description":"Portal agomeracyjny","publisher":{"@id":"https:\/\/www.ok24.tv\/#organization"},"potentialAction":[{"@type":"SearchAction","target":{"@type":"EntryPoint","urlTemplate":"https:\/\/www.ok24.tv\/?s={search_term_string}"},"query-input":{"@type":"PropertyValueSpecification","valueRequired":true,"valueName":"search_term_string"}}],"inLanguage":"pl-PL"},{"@type":"Organization","@id":"https:\/\/www.ok24.tv\/#organization","name":"OK24","url":"https:\/\/www.ok24.tv\/","logo":{"@type":"ImageObject","inLanguage":"pl-PL","@id":"https:\/\/www.ok24.tv\/#\/schema\/logo\/image\/","url":"https:\/\/www.ok24.tv\/wp-content\/uploads\/2025\/07\/cropped-ok24.jpeg","contentUrl":"https:\/\/www.ok24.tv\/wp-content\/uploads\/2025\/07\/cropped-ok24.jpeg","width":512,"height":512,"caption":"OK24"},"image":{"@id":"https:\/\/www.ok24.tv\/#\/schema\/logo\/image\/"},"sameAs":["https:\/\/facebook.com\/ok24"]},{"@type":"Person","@id":"https:\/\/www.ok24.tv\/#\/schema\/person\/7ef4d0ebf32e12635d4da716474d2b0d","name":"admin","image":{"@type":"ImageObject","inLanguage":"pl-PL","@id":"https:\/\/secure.gravatar.com\/avatar\/0b1af8ca0037f7c45232a542d3be77a6b82f8c82ed62b6fc12b3d18de66c01df?s=96&d=mm&r=g","url":"https:\/\/secure.gravatar.com\/avatar\/0b1af8ca0037f7c45232a542d3be77a6b82f8c82ed62b6fc12b3d18de66c01df?s=96&d=mm&r=g","contentUrl":"https:\/\/secure.gravatar.com\/avatar\/0b1af8ca0037f7c45232a542d3be77a6b82f8c82ed62b6fc12b3d18de66c01df?s=96&d=mm&r=g","caption":"admin"},"sameAs":["https:\/\/www.ok24.tv"],"url":"https:\/\/www.ok24.tv\/index.php\/author\/admin\/"}]}},"_links":{"self":[{"href":"https:\/\/www.ok24.tv\/index.php\/wp-json\/wp\/v2\/posts\/23213","targetHints":{"allow":["GET"]}}],"collection":[{"href":"https:\/\/www.ok24.tv\/index.php\/wp-json\/wp\/v2\/posts"}],"about":[{"href":"https:\/\/www.ok24.tv\/index.php\/wp-json\/wp\/v2\/types\/post"}],"author":[{"embeddable":true,"href":"https:\/\/www.ok24.tv\/index.php\/wp-json\/wp\/v2\/users\/1"}],"replies":[{"embeddable":true,"href":"https:\/\/www.ok24.tv\/index.php\/wp-json\/wp\/v2\/comments?post=23213"}],"version-history":[{"count":0,"href":"https:\/\/www.ok24.tv\/index.php\/wp-json\/wp\/v2\/posts\/23213\/revisions"}],"wp:featuredmedia":[{"embeddable":true,"href":"https:\/\/www.ok24.tv\/index.php\/wp-json\/"}],"wp:attachment":[{"href":"https:\/\/www.ok24.tv\/index.php\/wp-json\/wp\/v2\/media?parent=23213"}],"wp:term":[{"taxonomy":"category","embeddable":true,"href":"https:\/\/www.ok24.tv\/index.php\/wp-json\/wp\/v2\/categories?post=23213"},{"taxonomy":"post_tag","embeddable":true,"href":"https:\/\/www.ok24.tv\/index.php\/wp-json\/wp\/v2\/tags?post=23213"}],"curies":[{"name":"wp","href":"https:\/\/api.w.org\/{rel}","templated":true}]}}